{"id":46597,"date":"2023-05-30T16:26:11","date_gmt":"2023-05-30T16:26:11","guid":{"rendered":"https:\/\/www.northafricatrees.org\/nueva-revision-general-de-la-web\/"},"modified":"2026-04-12T16:58:50","modified_gmt":"2026-04-12T16:58:50","slug":"nueva-revision-general-de-la-web","status":"publish","type":"post","link":"https:\/\/www.northafricatrees.org\/fr\/nueva-revision-general-de-la-web\/","title":{"rendered":"Nouvelles r\u00e9visions taxonomiques et additions sur le web."},"content":{"rendered":"<p>Tout au long des premiers mois de 2023, le contenu du site Web a \u00e9t\u00e9 revu. Certaines esp\u00e8ces ont \u00e9t\u00e9 ajout\u00e9es, d&rsquo;importantes mises \u00e0 jour taxonomiques ont \u00e9t\u00e9 effectu\u00e9es et certaines cartes ont \u00e9t\u00e9 am\u00e9lior\u00e9es. Un autre aspect important a \u00e9t\u00e9 l&rsquo;inclusion de 752 nouvelles photographies, la majorit\u00e9 d&rsquo;esp\u00e8ces sah\u00e9liennes, avec lesquelles peu \u00e0 peu l&rsquo;information visuelle de cette partie int\u00e9ressante de l&rsquo;Afrique se compl\u00e8te. Parmi les nouveaut\u00e9s taxonomiques, on peut souligner les suivantes :<\/p>\n<p>La consolidation du bin\u00f4me <strong>Sideroxylon spinosum<\/strong> L. pour l&rsquo;arganier. <em>Pleurostelma schimperi<\/em> (Vatke) Liede devient <strong>Vincetoxicum schimperi<\/strong> (Vatke) Liede. <em>Solenostemma argel<\/em> (Delile) Hayne devient <strong>Solenostemma oleifolium<\/strong> (Nectoux) Bullock &amp; E.A. Bruce, et autres.<\/p>\n<div id=\"attachment_46583\" style=\"width: 760px\" class=\"wp-caption aligncenter\"><img aria-describedby=\"caption-attachment-46583\" loading=\"lazy\" class=\"wp-image-46583\" src=\"https:\/\/www.northafricatrees.org\/wp-content\/uploads\/2023\/05\/Argania-spinosa-1-300x194.jpg\" alt=\"Sideroxilon spinosum. Jes\u00fas Charco.\" width=\"750\" height=\"484\" srcset=\"https:\/\/www.northafricatrees.org\/wp-content\/uploads\/2023\/05\/Argania-spinosa-1-300x194.jpg 300w, https:\/\/www.northafricatrees.org\/wp-content\/uploads\/2023\/05\/Argania-spinosa-1-1024x661.jpg 1024w\" sizes=\"(max-width: 750px) 100vw, 750px\" \/><p id=\"caption-attachment-46583\" class=\"wp-caption-text\">Sideroxylon spinosum. Le nom scientifique que Linnaeus donnait \u00e0 l&rsquo;arganier est consolid\u00e9.<\/p><\/div>\n<p><strong>Zygophyllum<\/strong> L. est r\u00e9tablit, ce genre qui a subi de nombreuses modifications dans son traitement taxonomique. Initialement, il contenait un grand nombre d&rsquo;esp\u00e8ces, y compris celles avec des folioles succulentes et des fruits schizocarpes. Plus tard, ceux-ci ont \u00e9t\u00e9 r\u00e9unis, avec un taxon de Mongolie int\u00e9rieure (<em>Tetraena mongolica<\/em>), dans le genre <em>Tetraena<\/em> Maxim. et c&rsquo;est ainsi qu&rsquo;il a \u00e9t\u00e9 trait\u00e9 lors du lancement de ce site Web. Mais actuellement, un traitement plus synth\u00e9tique est pr\u00e9f\u00e9r\u00e9, selon Christenhusz <em>et al<\/em>. 2018, qui fusionne les deux genres en <em>Zygophyllum<\/em>.<\/p>\n<p>Une autre r\u00e9vision du genre traditionnel <strong>Caralluma<\/strong> R.Br. est faite\u00a0; la plupart de ses esp\u00e8ces dans la r\u00e9gion sont maintenant int\u00e9gr\u00e9es dans <strong>Apteranthes<\/strong> J.C. Mikan, 2 autres \u00e0 <strong>Caudanthera<\/strong> Plowes, une autre \u00e0 <strong>Desmidorchis<\/strong> Ehrenb. et une autre \u00e0 <strong>Orbea<\/strong> Haw.<\/p>\n<p>Ces changements s&rsquo;ajoutent \u00e0 d&rsquo;autres qui ont \u00e9t\u00e9 op\u00e9r\u00e9s fin 2022, comme celui de l&rsquo;esp\u00e8ce du genre <em>Arthrocnemum<\/em> Moq., qui passe d\u00e9sormais \u00e0 <strong>Arthrocaulon<\/strong> Piirainen &amp; G. Kadereit, ou la s\u00e9paration de <strong>Euphorbia balsamifera<\/strong> Aiton en 2 esp\u00e8ces, l&rsquo;originale (dans les \u00eeles Canaries et les c\u00f4tes ouest-africaines, d&rsquo;Ifni au cap Bojador) et la nouvelle esp\u00e8ce <strong>E. sepium<\/strong> N.E.Br. (de distribution plus m\u00e9ridionale et continentale, du Cap Juby au Cap-Vert, p\u00e9n\u00e9trant largement \u00e0 l&rsquo;int\u00e9rieur des terres \u00e0 travers le Sahel).<\/p>\n<p>Un autre aspect mis \u00e0 jour pour de nombreuses esp\u00e8ces a \u00e9t\u00e9 la section Statut de conservation. De nombreux taxons qui, lors de la r\u00e9daction de la premi\u00e8re version du site Web, n&rsquo;\u00e9taient pas \u00e9valu\u00e9s globalement dans la Liste rouge des esp\u00e8ces de l&rsquo;UICN, l&rsquo;ont \u00e9t\u00e9 ces derni\u00e8res ann\u00e9es. Cette information importante a d\u00e9sormais \u00e9galement en train d&rsquo;\u00eatre int\u00e9gr\u00e9. De m\u00eame, les informations relatives aux listes rouges nationales se rattrapent gr\u00e2ce aux publications du Livre rouge de la flore du Maroc (Fennane 2021) et aux diff\u00e9rents travaux de mise \u00e0 jour, entre 2020 et 2023, par Shaltout &amp; Bedair, en Egypte.<\/p>\n<p><span class=\"HwtZe\" lang=\"fr\"><span class=\"jCAhz ChMk0b\"><span class=\"ryNqvb\">Nous nous effor\u00e7ons de maintenir le site web <\/span><\/span><\/span>le plus \u00e0 jour possible, mais nous le faisons par altruisme et nous ne pouvons pas y consacrer autant de temps que nous le souhaiterions. Pour cette raison, vos suggestions de mise \u00e0 jour des textes, cartes et\/ou photos sont \u00e9galement les bienvenues. Si vous d\u00e9tectez des erreurs dans la traduction ou dans n&rsquo;importe quelle partie des textes, des l\u00e9gendes, des photos mal identifi\u00e9es, un lien qui ne s&rsquo;ouvre pas, etc., faites-le nous savoir \u00e9galement. Soyez motiv\u00e9s pour participer !<\/p>\n<p>&nbsp;<\/p>\n","protected":false},"excerpt":{"rendered":"<p>Tout au long des premiers mois de 2023, le contenu du site Web a \u00e9t\u00e9 revu. Certaines esp\u00e8ces ont \u00e9t\u00e9 ajout\u00e9es, d&rsquo;importantes mises \u00e0 jour taxonomiques ont \u00e9t\u00e9 effectu\u00e9es et certaines cartes ont \u00e9t\u00e9 am\u00e9lior\u00e9es. Un autre aspect important a \u00e9t\u00e9 l&rsquo;inclusion de 752 nouvelles photographies, la majorit\u00e9 d&rsquo;esp\u00e8ces sah\u00e9liennes, avec lesquelles peu \u00e0 peu&#8230;<\/p>\n","protected":false},"author":2,"featured_media":0,"comment_status":"closed","ping_status":"closed","sticky":false,"template":"","format":"standard","meta":[],"categories":[35],"tags":[],"yoast_head":"<!-- This site is optimized with the Yoast SEO plugin v15.6.2 - https:\/\/yoast.com\/wordpress\/plugins\/seo\/ -->\n<title>Nouvelles r\u00e9visions taxonomiques et additions sur le web. - North Africa Trees<\/title>\n<meta name=\"description\" content=\"\u00c1rboles y arbustos aut\u00f3ctonos del Norte de \u00c1frica, Biodiversidad y lucha contra la erosi\u00f3n y la desertificaci\u00f3n\" \/>\n<meta name=\"robots\" content=\"index, follow, max-snippet:-1, max-image-preview:large, max-video-preview:-1\" \/>\n<link rel=\"canonical\" href=\"https:\/\/www.northafricatrees.org\/fr\/nueva-revision-general-de-la-web\/\" \/>\n<meta property=\"og:locale\" content=\"fr_FR\" \/>\n<meta property=\"og:type\" content=\"article\" \/>\n<meta property=\"og:title\" content=\"Nouvelles r\u00e9visions taxonomiques et additions sur le web. - North Africa Trees\" \/>\n<meta property=\"og:description\" content=\"\u00c1rboles y arbustos aut\u00f3ctonos del Norte de \u00c1frica, Biodiversidad y lucha contra la erosi\u00f3n y la desertificaci\u00f3n\" \/>\n<meta property=\"og:url\" content=\"https:\/\/www.northafricatrees.org\/fr\/nueva-revision-general-de-la-web\/\" \/>\n<meta property=\"og:site_name\" content=\"North Africa Trees\" \/>\n<meta property=\"article:published_time\" content=\"2023-05-30T16:26:11+00:00\" \/>\n<meta property=\"article:modified_time\" content=\"2026-04-12T16:58:50+00:00\" \/>\n<meta property=\"og:image\" content=\"https:\/\/www.northafricatrees.org\/wp-content\/uploads\/2023\/05\/Argania-spinosa-1-300x194.jpg\" \/>\n<meta name=\"twitter:card\" content=\"summary_large_image\" \/>\n<meta name=\"twitter:label1\" content=\"Dur\u00e9e de lecture est.\">\n\t<meta name=\"twitter:data1\" content=\"3 minutes\">\n<script type=\"application\/ld+json\" class=\"yoast-schema-graph\">{\"@context\":\"https:\/\/schema.org\",\"@graph\":[{\"@type\":\"Organization\",\"@id\":\"https:\/\/www.northafricatrees.org\/#organization\",\"name\":\"North \\u00e1frica trees\",\"url\":\"https:\/\/www.northafricatrees.org\/\",\"sameAs\":[],\"logo\":{\"@type\":\"ImageObject\",\"@id\":\"https:\/\/www.northafricatrees.org\/#logo\",\"inLanguage\":\"fr-FR\",\"url\":\"https:\/\/www.northafricatrees.org\/wp-content\/uploads\/2020\/10\/logo-north-africa-trees.png\",\"width\":80,\"height\":70,\"caption\":\"North \\u00e1frica trees\"},\"image\":{\"@id\":\"https:\/\/www.northafricatrees.org\/#logo\"}},{\"@type\":\"WebSite\",\"@id\":\"https:\/\/www.northafricatrees.org\/#website\",\"url\":\"https:\/\/www.northafricatrees.org\/\",\"name\":\"North Africa Trees\",\"description\":\"\\u00c1rboles y arbustos aut\\u00f3ctonos del Norte de \\u00c1frica\",\"publisher\":{\"@id\":\"https:\/\/www.northafricatrees.org\/#organization\"},\"potentialAction\":[{\"@type\":\"SearchAction\",\"target\":\"https:\/\/www.northafricatrees.org\/?s={search_term_string}\",\"query-input\":\"required name=search_term_string\"}],\"inLanguage\":\"fr-FR\"},{\"@type\":\"ImageObject\",\"@id\":\"https:\/\/www.northafricatrees.org\/fr\/nueva-revision-general-de-la-web\/#primaryimage\",\"inLanguage\":\"fr-FR\",\"url\":\"https:\/\/www.northafricatrees.org\/wp-content\/uploads\/2023\/05\/Argania-spinosa-1-300x194.jpg\"},{\"@type\":\"WebPage\",\"@id\":\"https:\/\/www.northafricatrees.org\/fr\/nueva-revision-general-de-la-web\/#webpage\",\"url\":\"https:\/\/www.northafricatrees.org\/fr\/nueva-revision-general-de-la-web\/\",\"name\":\"Nouvelles r\\u00e9visions taxonomiques et additions sur le web. - North Africa Trees\",\"isPartOf\":{\"@id\":\"https:\/\/www.northafricatrees.org\/#website\"},\"primaryImageOfPage\":{\"@id\":\"https:\/\/www.northafricatrees.org\/fr\/nueva-revision-general-de-la-web\/#primaryimage\"},\"datePublished\":\"2023-05-30T16:26:11+00:00\",\"dateModified\":\"2026-04-12T16:58:50+00:00\",\"description\":\"\\u00c1rboles y arbustos aut\\u00f3ctonos del Norte de \\u00c1frica, Biodiversidad y lucha contra la erosi\\u00f3n y la desertificaci\\u00f3n\",\"inLanguage\":\"fr-FR\",\"potentialAction\":[{\"@type\":\"ReadAction\",\"target\":[\"https:\/\/www.northafricatrees.org\/fr\/nueva-revision-general-de-la-web\/\"]}]},{\"@type\":\"Article\",\"@id\":\"https:\/\/www.northafricatrees.org\/fr\/nueva-revision-general-de-la-web\/#article\",\"isPartOf\":{\"@id\":\"https:\/\/www.northafricatrees.org\/fr\/nueva-revision-general-de-la-web\/#webpage\"},\"author\":{\"@id\":\"https:\/\/www.northafricatrees.org\/#\/schema\/person\/a2e9b6fc1d19b34e31988a6d41ffd7b7\"},\"headline\":\"Nouvelles r\\u00e9visions taxonomiques et additions sur le web.\",\"datePublished\":\"2023-05-30T16:26:11+00:00\",\"dateModified\":\"2026-04-12T16:58:50+00:00\",\"mainEntityOfPage\":{\"@id\":\"https:\/\/www.northafricatrees.org\/fr\/nueva-revision-general-de-la-web\/#webpage\"},\"publisher\":{\"@id\":\"https:\/\/www.northafricatrees.org\/#organization\"},\"image\":{\"@id\":\"https:\/\/www.northafricatrees.org\/fr\/nueva-revision-general-de-la-web\/#primaryimage\"},\"articleSection\":\"Sin categor\\u00eda\",\"inLanguage\":\"fr-FR\"},{\"@type\":\"Person\",\"@id\":\"https:\/\/www.northafricatrees.org\/#\/schema\/person\/a2e9b6fc1d19b34e31988a6d41ffd7b7\",\"name\":\"Jes\\u00fas Charco\",\"image\":{\"@type\":\"ImageObject\",\"@id\":\"https:\/\/www.northafricatrees.org\/#personlogo\",\"inLanguage\":\"fr-FR\",\"url\":\"https:\/\/secure.gravatar.com\/avatar\/44e89eb12231ca19aade82e071d64beb?s=96&d=mm&r=g\",\"caption\":\"Jes\\u00fas Charco\"}}]}<\/script>\n<!-- \/ Yoast SEO plugin. -->","_links":{"self":[{"href":"https:\/\/www.northafricatrees.org\/fr\/wp-json\/wp\/v2\/posts\/46597"}],"collection":[{"href":"https:\/\/www.northafricatrees.org\/fr\/wp-json\/wp\/v2\/posts"}],"about":[{"href":"https:\/\/www.northafricatrees.org\/fr\/wp-json\/wp\/v2\/types\/post"}],"author":[{"embeddable":true,"href":"https:\/\/www.northafricatrees.org\/fr\/wp-json\/wp\/v2\/users\/2"}],"replies":[{"embeddable":true,"href":"https:\/\/www.northafricatrees.org\/fr\/wp-json\/wp\/v2\/comments?post=46597"}],"version-history":[{"count":2,"href":"https:\/\/www.northafricatrees.org\/fr\/wp-json\/wp\/v2\/posts\/46597\/revisions"}],"predecessor-version":[{"id":47191,"href":"https:\/\/www.northafricatrees.org\/fr\/wp-json\/wp\/v2\/posts\/46597\/revisions\/47191"}],"wp:attachment":[{"href":"https:\/\/www.northafricatrees.org\/fr\/wp-json\/wp\/v2\/media?parent=46597"}],"wp:term":[{"taxonomy":"category","embeddable":true,"href":"https:\/\/www.northafricatrees.org\/fr\/wp-json\/wp\/v2\/categories?post=46597"},{"taxonomy":"post_tag","embeddable":true,"href":"https:\/\/www.northafricatrees.org\/fr\/wp-json\/wp\/v2\/tags?post=46597"}],"curies":[{"name":"wp","href":"https:\/\/api.w.org\/{rel}","templated":true}]}}