{"id":43648,"date":"2022-06-19T09:14:51","date_gmt":"2022-06-19T09:14:51","guid":{"rendered":"https:\/\/www.northafricatrees.org\/presentacion-de-la-web-y-mas-descripciones-de-especies\/"},"modified":"2024-09-19T17:06:42","modified_gmt":"2024-09-19T17:06:42","slug":"presentacion-de-la-web-y-mas-descripciones-de-especies","status":"publish","type":"post","link":"https:\/\/www.northafricatrees.org\/fr\/presentacion-de-la-web-y-mas-descripciones-de-especies\/","title":{"rendered":"Pr\u00e9sentation du site web et ajout de nouvelles descriptions d&rsquo;esp\u00e8ces"},"content":{"rendered":"<p>Gr\u00e2ce au soutien permanent du Centre de coop\u00e9ration pour la M\u00e9diterran\u00e9e de l&rsquo;Union internationale pour la conservation de la nature (UICN-Med), et apr\u00e8s cinq ann\u00e9es de travail acharn\u00e9, ce site a enfin \u00e9t\u00e9 achev\u00e9 et pr\u00e9sent\u00e9 au public. Le contexte id\u00e9al pour sa pr\u00e9sentation \u00e9tait la <a href=\"https:\/\/www.medplantsweek.uicnmed.org\/public_html\/medplantsweek\/?page_id=525&amp;lang=en\">3<sup>\u00e8me<\/sup> Semaine M\u00e9diterran\u00e9enne de la Conservation des Plantes<\/a>, qui s&rsquo;est tenue entre le 27 septembre et le 1<sup>er<\/sup> octobre 2021 \u00e0 l&rsquo;Institut agronomique m\u00e9diterran\u00e9en de La Can\u00e9e (Cr\u00e8te, Gr\u00e8ce).<\/p>\n<p><a ref=\"magnificPopup\" href=\"https:\/\/www.northafricatrees.org\/wp-content\/uploads\/2022\/06\/3MPCW-presentation.jpg\"><img loading=\"lazy\" class=\"aligncenter wp-image-43629\" src=\"https:\/\/www.northafricatrees.org\/wp-content\/uploads\/2022\/06\/3MPCW-presentation-300x186.jpg\" alt=\"\" width=\"500\" height=\"310\" srcset=\"https:\/\/www.northafricatrees.org\/wp-content\/uploads\/2022\/06\/3MPCW-presentation-300x186.jpg 300w, https:\/\/www.northafricatrees.org\/wp-content\/uploads\/2022\/06\/3MPCW-presentation-1024x636.jpg 1024w, https:\/\/www.northafricatrees.org\/wp-content\/uploads\/2022\/06\/3MPCW-presentation.jpg 1824w\" sizes=\"(max-width: 500px) 100vw, 500px\" \/><\/a><\/p>\n<p><a ref=\"magnificPopup\" href=\"https:\/\/www.northafricatrees.org\/wp-content\/uploads\/2022\/06\/3MPCW-team.jpg\"><img loading=\"lazy\" class=\"aligncenter wp-image-43632\" src=\"https:\/\/www.northafricatrees.org\/wp-content\/uploads\/2022\/06\/3MPCW-team-300x144.jpg\" alt=\"\" width=\"500\" height=\"240\" srcset=\"https:\/\/www.northafricatrees.org\/wp-content\/uploads\/2022\/06\/3MPCW-team-300x144.jpg 300w, https:\/\/www.northafricatrees.org\/wp-content\/uploads\/2022\/06\/3MPCW-team-1024x491.jpg 1024w\" sizes=\"(max-width: 500px) 100vw, 500px\" \/><\/a><\/p>\n<p>Depuis lors, les travaux se sont poursuivis sur la structure et le contenu du site Web, en am\u00e9liorant divers aspects. 17 esp\u00e8ces auxquelles il n\u2019\u00e9tait fait qu\u2019une br\u00e8ve allusion, g\u00e9n\u00e9ralement en raison de leur petite taille, dans la section \u00ab\u00a0Observations\u00a0\u00bb d\u2019esp\u00e8ces plus imposantes, ont \u00e9t\u00e9 d\u00e9crites dans leur int\u00e9gralit\u00e9. Le texte de quatre autres a \u00e9galement \u00e9t\u00e9 mis \u00e0 jour en raison de changements taxonomiques, et certaines cl\u00e9s ont \u00e9t\u00e9 restructur\u00e9es. Actuellement, le travail se poursuit pour am\u00e9liorer et mettre \u00e0 jour les contenus, et toutes vos suggestions sur les textes, photos et cartes sont les bienvenues.<\/p>\n<p>&nbsp;<\/p>\n<p>&nbsp;<\/p>\n","protected":false},"excerpt":{"rendered":"<p>Gr\u00e2ce au soutien permanent du Centre de coop\u00e9ration pour la M\u00e9diterran\u00e9e de l&rsquo;Union internationale pour la conservation de la nature (UICN-Med), et apr\u00e8s cinq ann\u00e9es de travail acharn\u00e9, ce site a enfin \u00e9t\u00e9 achev\u00e9 et pr\u00e9sent\u00e9 au public. Le contexte id\u00e9al pour sa pr\u00e9sentation \u00e9tait la 3\u00e8me Semaine M\u00e9diterran\u00e9enne de la Conservation des Plantes, qui&#8230;<\/p>\n","protected":false},"author":2,"featured_media":0,"comment_status":"closed","ping_status":"closed","sticky":false,"template":"","format":"standard","meta":[],"categories":[35],"tags":[],"yoast_head":"<!-- This site is optimized with the Yoast SEO plugin v15.6.2 - https:\/\/yoast.com\/wordpress\/plugins\/seo\/ -->\n<title>Pr\u00e9sentation du site web et ajout de nouvelles descriptions d&#039;esp\u00e8ces - North Africa Trees<\/title>\n<meta name=\"description\" content=\"\u00c1rboles y arbustos aut\u00f3ctonos del Norte de \u00c1frica, Biodiversidad y lucha contra la erosi\u00f3n y la desertificaci\u00f3n\" \/>\n<meta name=\"robots\" content=\"index, follow, max-snippet:-1, max-image-preview:large, max-video-preview:-1\" \/>\n<link rel=\"canonical\" href=\"https:\/\/www.northafricatrees.org\/fr\/presentacion-de-la-web-y-mas-descripciones-de-especies\/\" \/>\n<meta property=\"og:locale\" content=\"fr_FR\" \/>\n<meta property=\"og:type\" content=\"article\" \/>\n<meta property=\"og:title\" content=\"Pr\u00e9sentation du site web et ajout de nouvelles descriptions d&#039;esp\u00e8ces - North Africa Trees\" \/>\n<meta property=\"og:description\" content=\"\u00c1rboles y arbustos aut\u00f3ctonos del Norte de \u00c1frica, Biodiversidad y lucha contra la erosi\u00f3n y la desertificaci\u00f3n\" \/>\n<meta property=\"og:url\" content=\"https:\/\/www.northafricatrees.org\/fr\/presentacion-de-la-web-y-mas-descripciones-de-especies\/\" \/>\n<meta property=\"og:site_name\" content=\"North Africa Trees\" \/>\n<meta property=\"article:published_time\" content=\"2022-06-19T09:14:51+00:00\" \/>\n<meta property=\"article:modified_time\" content=\"2024-09-19T17:06:42+00:00\" \/>\n<meta property=\"og:image\" content=\"https:\/\/www.northafricatrees.org\/wp-content\/uploads\/2022\/06\/3MPCW-presentation-300x186.jpg\" \/>\n<meta name=\"twitter:card\" content=\"summary_large_image\" \/>\n<meta name=\"twitter:label1\" content=\"Dur\u00e9e de lecture est.\">\n\t<meta name=\"twitter:data1\" content=\"2 minutes\">\n<script type=\"application\/ld+json\" class=\"yoast-schema-graph\">{\"@context\":\"https:\/\/schema.org\",\"@graph\":[{\"@type\":\"Organization\",\"@id\":\"https:\/\/www.northafricatrees.org\/#organization\",\"name\":\"North \\u00e1frica trees\",\"url\":\"https:\/\/www.northafricatrees.org\/\",\"sameAs\":[],\"logo\":{\"@type\":\"ImageObject\",\"@id\":\"https:\/\/www.northafricatrees.org\/#logo\",\"inLanguage\":\"fr-FR\",\"url\":\"https:\/\/www.northafricatrees.org\/wp-content\/uploads\/2020\/10\/logo-north-africa-trees.png\",\"width\":80,\"height\":70,\"caption\":\"North \\u00e1frica trees\"},\"image\":{\"@id\":\"https:\/\/www.northafricatrees.org\/#logo\"}},{\"@type\":\"WebSite\",\"@id\":\"https:\/\/www.northafricatrees.org\/#website\",\"url\":\"https:\/\/www.northafricatrees.org\/\",\"name\":\"North Africa Trees\",\"description\":\"\\u00c1rboles y arbustos aut\\u00f3ctonos del Norte de \\u00c1frica\",\"publisher\":{\"@id\":\"https:\/\/www.northafricatrees.org\/#organization\"},\"potentialAction\":[{\"@type\":\"SearchAction\",\"target\":\"https:\/\/www.northafricatrees.org\/?s={search_term_string}\",\"query-input\":\"required name=search_term_string\"}],\"inLanguage\":\"fr-FR\"},{\"@type\":\"ImageObject\",\"@id\":\"https:\/\/www.northafricatrees.org\/fr\/presentacion-de-la-web-y-mas-descripciones-de-especies\/#primaryimage\",\"inLanguage\":\"fr-FR\",\"url\":\"https:\/\/www.northafricatrees.org\/wp-content\/uploads\/2022\/06\/3MPCW-presentation.jpg\",\"width\":1824,\"height\":1132},{\"@type\":\"WebPage\",\"@id\":\"https:\/\/www.northafricatrees.org\/fr\/presentacion-de-la-web-y-mas-descripciones-de-especies\/#webpage\",\"url\":\"https:\/\/www.northafricatrees.org\/fr\/presentacion-de-la-web-y-mas-descripciones-de-especies\/\",\"name\":\"Pr\\u00e9sentation du site web et ajout de nouvelles descriptions d'esp\\u00e8ces - North Africa Trees\",\"isPartOf\":{\"@id\":\"https:\/\/www.northafricatrees.org\/#website\"},\"primaryImageOfPage\":{\"@id\":\"https:\/\/www.northafricatrees.org\/fr\/presentacion-de-la-web-y-mas-descripciones-de-especies\/#primaryimage\"},\"datePublished\":\"2022-06-19T09:14:51+00:00\",\"dateModified\":\"2024-09-19T17:06:42+00:00\",\"description\":\"\\u00c1rboles y arbustos aut\\u00f3ctonos del Norte de \\u00c1frica, Biodiversidad y lucha contra la erosi\\u00f3n y la desertificaci\\u00f3n\",\"inLanguage\":\"fr-FR\",\"potentialAction\":[{\"@type\":\"ReadAction\",\"target\":[\"https:\/\/www.northafricatrees.org\/fr\/presentacion-de-la-web-y-mas-descripciones-de-especies\/\"]}]},{\"@type\":\"Article\",\"@id\":\"https:\/\/www.northafricatrees.org\/fr\/presentacion-de-la-web-y-mas-descripciones-de-especies\/#article\",\"isPartOf\":{\"@id\":\"https:\/\/www.northafricatrees.org\/fr\/presentacion-de-la-web-y-mas-descripciones-de-especies\/#webpage\"},\"author\":{\"@id\":\"https:\/\/www.northafricatrees.org\/#\/schema\/person\/a2e9b6fc1d19b34e31988a6d41ffd7b7\"},\"headline\":\"Pr\\u00e9sentation du site web et ajout de nouvelles descriptions d&rsquo;esp\\u00e8ces\",\"datePublished\":\"2022-06-19T09:14:51+00:00\",\"dateModified\":\"2024-09-19T17:06:42+00:00\",\"mainEntityOfPage\":{\"@id\":\"https:\/\/www.northafricatrees.org\/fr\/presentacion-de-la-web-y-mas-descripciones-de-especies\/#webpage\"},\"publisher\":{\"@id\":\"https:\/\/www.northafricatrees.org\/#organization\"},\"image\":{\"@id\":\"https:\/\/www.northafricatrees.org\/fr\/presentacion-de-la-web-y-mas-descripciones-de-especies\/#primaryimage\"},\"articleSection\":\"Sin categor\\u00eda\",\"inLanguage\":\"fr-FR\"},{\"@type\":\"Person\",\"@id\":\"https:\/\/www.northafricatrees.org\/#\/schema\/person\/a2e9b6fc1d19b34e31988a6d41ffd7b7\",\"name\":\"Jes\\u00fas Charco\",\"image\":{\"@type\":\"ImageObject\",\"@id\":\"https:\/\/www.northafricatrees.org\/#personlogo\",\"inLanguage\":\"fr-FR\",\"url\":\"https:\/\/secure.gravatar.com\/avatar\/44e89eb12231ca19aade82e071d64beb?s=96&d=mm&r=g\",\"caption\":\"Jes\\u00fas Charco\"}}]}<\/script>\n<!-- \/ Yoast SEO plugin. -->","_links":{"self":[{"href":"https:\/\/www.northafricatrees.org\/fr\/wp-json\/wp\/v2\/posts\/43648"}],"collection":[{"href":"https:\/\/www.northafricatrees.org\/fr\/wp-json\/wp\/v2\/posts"}],"about":[{"href":"https:\/\/www.northafricatrees.org\/fr\/wp-json\/wp\/v2\/types\/post"}],"author":[{"embeddable":true,"href":"https:\/\/www.northafricatrees.org\/fr\/wp-json\/wp\/v2\/users\/2"}],"replies":[{"embeddable":true,"href":"https:\/\/www.northafricatrees.org\/fr\/wp-json\/wp\/v2\/comments?post=43648"}],"version-history":[{"count":0,"href":"https:\/\/www.northafricatrees.org\/fr\/wp-json\/wp\/v2\/posts\/43648\/revisions"}],"wp:attachment":[{"href":"https:\/\/www.northafricatrees.org\/fr\/wp-json\/wp\/v2\/media?parent=43648"}],"wp:term":[{"taxonomy":"category","embeddable":true,"href":"https:\/\/www.northafricatrees.org\/fr\/wp-json\/wp\/v2\/categories?post=43648"},{"taxonomy":"post_tag","embeddable":true,"href":"https:\/\/www.northafricatrees.org\/fr\/wp-json\/wp\/v2\/tags?post=43648"}],"curies":[{"name":"wp","href":"https:\/\/api.w.org\/{rel}","templated":true}]}}