{"id":39688,"date":"2021-08-16T11:39:34","date_gmt":"2021-08-16T11:39:34","guid":{"rendered":"https:\/\/www.northafricatrees.org\/prueba-2\/"},"modified":"2021-08-17T11:00:00","modified_gmt":"2021-08-17T11:00:00","slug":"prueba-2","status":"publish","type":"post","link":"https:\/\/www.northafricatrees.org\/fr\/prueba-2\/","title":{"rendered":"Statut vert des esp\u00e8ces de l\u2019UICN"},"content":{"rendered":"<p>Statut vert des esp\u00e8ces de l\u2019UICN : norme mondiale pour mesurer le r\u00e9tablissement des esp\u00e8ces et \u00e9valuer l\u2019impact de la conservation.<\/p>\n<p>Le d\u00e9clin de nombreuses esp\u00e8ces en voie d\u2019extinction a largement orient\u00e9 les efforts de conservation de mani\u00e8re \u00e0 ce que ces esp\u00e8ces continuent d\u2019exister. Toutefois, les conservationnistes reconnaissent depuis longtemps la n\u00e9cessit\u00e9 de compl\u00e9ter ces efforts par des mesures de reconstitution des populations en d\u00e9clin dans l\u2019ensemble de l\u2019aire de r\u00e9partition d\u2019une esp\u00e8ce, et de restauration des esp\u00e8ces dans les \u00e9cosyst\u00e8mes o\u00f9 elles ont disparu.\u00a0Le Statut vert des esp\u00e8ces de l\u2019UICN comprend cinq objectifs principaux.<\/p>\n<ol>\n<li>Fournir un cadre normalis\u00e9 pour mesurer le r\u00e9tablissement des esp\u00e8ces.<\/li>\n<li>Reconna\u00eetre les r\u00e9alisations en mati\u00e8re de conservation.<\/li>\n<li>Mettre en \u00e9vidence les esp\u00e8ces dont le statut de conservation actuel d\u00e9pend de la poursuite des actions de conservation.<\/li>\n<li>Pr\u00e9voir l\u2019impact attendu des actions de conservation planifi\u00e9es.<\/li>\n<li>Relever les niveaux d\u2019ambition pour le r\u00e9tablissement des esp\u00e8ces \u00e0 long terme.<\/li>\n<\/ol>\n<p><a href=\"https:\/\/portals.iucn.org\/library\/sites\/library\/files\/documents\/2021-022-Fr.pdf\"><img loading=\"lazy\" class=\"alignnone size-medium wp-image-39683\" src=\"https:\/\/www.northafricatrees.org\/wp-content\/uploads\/2021\/08\/Estado-verde-FR-217x300.jpg\" alt=\"\" width=\"217\" height=\"300\" srcset=\"https:\/\/www.northafricatrees.org\/wp-content\/uploads\/2021\/08\/Estado-verde-FR-217x300.jpg 217w, https:\/\/www.northafricatrees.org\/wp-content\/uploads\/2021\/08\/Estado-verde-FR.jpg 631w\" sizes=\"(max-width: 217px) 100vw, 217px\" \/><\/a><\/p>\n<p>&nbsp;<\/p>\n","protected":false},"excerpt":{"rendered":"<p>Statut vert des esp\u00e8ces de l\u2019UICN : norme mondiale pour mesurer le r\u00e9tablissement des esp\u00e8ces et \u00e9valuer l\u2019impact de la conservation. Le d\u00e9clin de nombreuses esp\u00e8ces en voie d\u2019extinction a largement orient\u00e9 les efforts de conservation de mani\u00e8re \u00e0 ce que ces esp\u00e8ces continuent d\u2019exister. Toutefois, les conservationnistes reconnaissent depuis longtemps la n\u00e9cessit\u00e9 de compl\u00e9ter&#8230;<\/p>\n","protected":false},"author":2,"featured_media":0,"comment_status":"closed","ping_status":"closed","sticky":false,"template":"","format":"standard","meta":[],"categories":[35],"tags":[],"yoast_head":"<!-- This site is optimized with the Yoast SEO plugin v15.6.2 - https:\/\/yoast.com\/wordpress\/plugins\/seo\/ -->\n<title>Statut vert des esp\u00e8ces de l\u2019UICN - North Africa Trees<\/title>\n<meta name=\"description\" content=\"\u00c1rboles y arbustos aut\u00f3ctonos del Norte de \u00c1frica, Biodiversidad y lucha contra la erosi\u00f3n y la desertificaci\u00f3n\" \/>\n<meta name=\"robots\" content=\"index, follow, max-snippet:-1, max-image-preview:large, max-video-preview:-1\" \/>\n<link rel=\"canonical\" href=\"https:\/\/www.northafricatrees.org\/fr\/prueba-2\/\" \/>\n<meta property=\"og:locale\" content=\"fr_FR\" \/>\n<meta property=\"og:type\" content=\"article\" \/>\n<meta property=\"og:title\" content=\"Statut vert des esp\u00e8ces de l\u2019UICN - North Africa Trees\" \/>\n<meta property=\"og:description\" content=\"\u00c1rboles y arbustos aut\u00f3ctonos del Norte de \u00c1frica, Biodiversidad y lucha contra la erosi\u00f3n y la desertificaci\u00f3n\" \/>\n<meta property=\"og:url\" content=\"https:\/\/www.northafricatrees.org\/fr\/prueba-2\/\" \/>\n<meta property=\"og:site_name\" content=\"North Africa Trees\" \/>\n<meta property=\"article:published_time\" content=\"2021-08-16T11:39:34+00:00\" \/>\n<meta property=\"article:modified_time\" content=\"2021-08-17T11:00:00+00:00\" \/>\n<meta property=\"og:image\" content=\"https:\/\/www.northafricatrees.org\/wp-content\/uploads\/2021\/08\/Estado-verde-FR-217x300.jpg\" \/>\n<meta name=\"twitter:card\" content=\"summary_large_image\" \/>\n<meta name=\"twitter:label1\" content=\"Dur\u00e9e de lecture est.\">\n\t<meta name=\"twitter:data1\" content=\"1 minute\">\n<script type=\"application\/ld+json\" class=\"yoast-schema-graph\">{\"@context\":\"https:\/\/schema.org\",\"@graph\":[{\"@type\":\"Organization\",\"@id\":\"https:\/\/www.northafricatrees.org\/#organization\",\"name\":\"North \\u00e1frica trees\",\"url\":\"https:\/\/www.northafricatrees.org\/\",\"sameAs\":[],\"logo\":{\"@type\":\"ImageObject\",\"@id\":\"https:\/\/www.northafricatrees.org\/#logo\",\"inLanguage\":\"fr-FR\",\"url\":\"https:\/\/www.northafricatrees.org\/wp-content\/uploads\/2020\/10\/logo-north-africa-trees.png\",\"width\":80,\"height\":70,\"caption\":\"North \\u00e1frica trees\"},\"image\":{\"@id\":\"https:\/\/www.northafricatrees.org\/#logo\"}},{\"@type\":\"WebSite\",\"@id\":\"https:\/\/www.northafricatrees.org\/#website\",\"url\":\"https:\/\/www.northafricatrees.org\/\",\"name\":\"North Africa Trees\",\"description\":\"\\u00c1rboles y arbustos aut\\u00f3ctonos del Norte de \\u00c1frica\",\"publisher\":{\"@id\":\"https:\/\/www.northafricatrees.org\/#organization\"},\"potentialAction\":[{\"@type\":\"SearchAction\",\"target\":\"https:\/\/www.northafricatrees.org\/?s={search_term_string}\",\"query-input\":\"required name=search_term_string\"}],\"inLanguage\":\"fr-FR\"},{\"@type\":\"ImageObject\",\"@id\":\"https:\/\/www.northafricatrees.org\/fr\/prueba-2\/#primaryimage\",\"inLanguage\":\"fr-FR\",\"url\":\"https:\/\/www.northafricatrees.org\/wp-content\/uploads\/2021\/08\/Estado-verde-FR.jpg\",\"width\":631,\"height\":873},{\"@type\":\"WebPage\",\"@id\":\"https:\/\/www.northafricatrees.org\/fr\/prueba-2\/#webpage\",\"url\":\"https:\/\/www.northafricatrees.org\/fr\/prueba-2\/\",\"name\":\"Statut vert des esp\\u00e8ces de l\\u2019UICN - North Africa Trees\",\"isPartOf\":{\"@id\":\"https:\/\/www.northafricatrees.org\/#website\"},\"primaryImageOfPage\":{\"@id\":\"https:\/\/www.northafricatrees.org\/fr\/prueba-2\/#primaryimage\"},\"datePublished\":\"2021-08-16T11:39:34+00:00\",\"dateModified\":\"2021-08-17T11:00:00+00:00\",\"description\":\"\\u00c1rboles y arbustos aut\\u00f3ctonos del Norte de \\u00c1frica, Biodiversidad y lucha contra la erosi\\u00f3n y la desertificaci\\u00f3n\",\"inLanguage\":\"fr-FR\",\"potentialAction\":[{\"@type\":\"ReadAction\",\"target\":[\"https:\/\/www.northafricatrees.org\/fr\/prueba-2\/\"]}]},{\"@type\":\"Article\",\"@id\":\"https:\/\/www.northafricatrees.org\/fr\/prueba-2\/#article\",\"isPartOf\":{\"@id\":\"https:\/\/www.northafricatrees.org\/fr\/prueba-2\/#webpage\"},\"author\":{\"@id\":\"https:\/\/www.northafricatrees.org\/#\/schema\/person\/a2e9b6fc1d19b34e31988a6d41ffd7b7\"},\"headline\":\"Statut vert des esp\\u00e8ces de l\\u2019UICN\",\"datePublished\":\"2021-08-16T11:39:34+00:00\",\"dateModified\":\"2021-08-17T11:00:00+00:00\",\"mainEntityOfPage\":{\"@id\":\"https:\/\/www.northafricatrees.org\/fr\/prueba-2\/#webpage\"},\"publisher\":{\"@id\":\"https:\/\/www.northafricatrees.org\/#organization\"},\"image\":{\"@id\":\"https:\/\/www.northafricatrees.org\/fr\/prueba-2\/#primaryimage\"},\"articleSection\":\"Sin categor\\u00eda\",\"inLanguage\":\"fr-FR\"},{\"@type\":\"Person\",\"@id\":\"https:\/\/www.northafricatrees.org\/#\/schema\/person\/a2e9b6fc1d19b34e31988a6d41ffd7b7\",\"name\":\"Jes\\u00fas Charco\",\"image\":{\"@type\":\"ImageObject\",\"@id\":\"https:\/\/www.northafricatrees.org\/#personlogo\",\"inLanguage\":\"fr-FR\",\"url\":\"https:\/\/secure.gravatar.com\/avatar\/44e89eb12231ca19aade82e071d64beb?s=96&d=mm&r=g\",\"caption\":\"Jes\\u00fas Charco\"}}]}<\/script>\n<!-- \/ Yoast SEO plugin. -->","_links":{"self":[{"href":"https:\/\/www.northafricatrees.org\/fr\/wp-json\/wp\/v2\/posts\/39688"}],"collection":[{"href":"https:\/\/www.northafricatrees.org\/fr\/wp-json\/wp\/v2\/posts"}],"about":[{"href":"https:\/\/www.northafricatrees.org\/fr\/wp-json\/wp\/v2\/types\/post"}],"author":[{"embeddable":true,"href":"https:\/\/www.northafricatrees.org\/fr\/wp-json\/wp\/v2\/users\/2"}],"replies":[{"embeddable":true,"href":"https:\/\/www.northafricatrees.org\/fr\/wp-json\/wp\/v2\/comments?post=39688"}],"version-history":[{"count":0,"href":"https:\/\/www.northafricatrees.org\/fr\/wp-json\/wp\/v2\/posts\/39688\/revisions"}],"wp:attachment":[{"href":"https:\/\/www.northafricatrees.org\/fr\/wp-json\/wp\/v2\/media?parent=39688"}],"wp:term":[{"taxonomy":"category","embeddable":true,"href":"https:\/\/www.northafricatrees.org\/fr\/wp-json\/wp\/v2\/categories?post=39688"},{"taxonomy":"post_tag","embeddable":true,"href":"https:\/\/www.northafricatrees.org\/fr\/wp-json\/wp\/v2\/tags?post=39688"}],"curies":[{"name":"wp","href":"https:\/\/api.w.org\/{rel}","templated":true}]}}