{"id":37573,"date":"2021-08-10T11:41:45","date_gmt":"2021-08-10T11:41:45","guid":{"rendered":"https:\/\/www.northafricatrees.org\/?p=37573"},"modified":"2021-12-23T10:06:40","modified_gmt":"2021-12-23T10:06:40","slug":"deux-nouveaux-experts-se-joignent-a-la-revision-des-especes","status":"publish","type":"post","link":"https:\/\/www.northafricatrees.org\/fr\/deux-nouveaux-experts-se-joignent-a-la-revision-des-especes\/","title":{"rendered":"Deux nouveaux experts se joignent \u00e0 la r\u00e9vision des esp\u00e8ces."},"content":{"rendered":"<p>La r\u00e9vision de la taxonomie et la description des familles, genres et esp\u00e8ces dans ce projet est dynamique car des \u00e9tudes et des monographies toujours plus exhaustives sont constamment publi\u00e9es. \u00c0 cet \u00e9gard, deux experts de la flore m\u00e9diterran\u00e9enne et saharienne ont rejoint l\u2019\u00e9quipe de ce projet. David Galicia Herbada, de l\u2019Universit\u00e9 Autonome de Madrid, a r\u00e9vis\u00e9 le genre Thymelaea, et Jos\u00e9 Luis Villar, de l\u2019Universit\u00e9 d\u2019Alicante, le complexe genre Tamarix.<\/p>\n<div class=\"w-gallery cols_4 link_file with_meta with_indents\"><div class=\"w-gallery-list\"><a class=\"w-gallery-item order_1\" href=\"https:\/\/www.northafricatrees.org\/wp-content\/uploads\/2021\/08\/Thymelaea-villosa.-1.-Jesus-Charco.jpg\" title=\"Thymelaea villosa. Rameau avec feuilles et inflorescences avec fleurs m\u00e2les. Jes\u00fas Charco.\"><div class=\"w-gallery-item-img\"><img width=\"350\" height=\"540\" src=\"https:\/\/www.northafricatrees.org\/wp-content\/uploads\/2021\/08\/Thymelaea-villosa.-1.-Jesus-Charco-350x540.jpg\" class=\"attachment-us_350_540_crop size-us_350_540_crop\" alt=\"\" loading=\"lazy\" \/><\/div><div class=\"w-gallery-item-meta\"><div class=\"w-gallery-item-title\">Thymelaea villosa. Rameau avec feuilles et inflorescences avec fleurs m\u00e2les. Jes\u00fas Charco.<\/div><\/div><\/a><a class=\"w-gallery-item order_2\" href=\"https:\/\/www.northafricatrees.org\/wp-content\/uploads\/2020\/11\/Thymelaea-sempervirens.-1.-David-Galicia-e1629822438550.jpg\" title=\"Thymelaea sempervirens. Tige avec feuilles et fleurs. Herbier du Mus\u00e9e botanique de l\u2019Universit\u00e9 de Lund. David Galicia.\"><div class=\"w-gallery-item-img\"><img width=\"350\" height=\"540\" src=\"https:\/\/www.northafricatrees.org\/wp-content\/uploads\/2020\/11\/Thymelaea-sempervirens.-1.-David-Galicia-e1629822438550-350x540.jpg\" class=\"attachment-us_350_540_crop size-us_350_540_crop\" alt=\"Thymelaea sempervirens. 1. David Galicia\" loading=\"lazy\" \/><\/div><div class=\"w-gallery-item-meta\"><div class=\"w-gallery-item-title\">Thymelaea sempervirens. Tige avec feuilles et fleurs. Herbier du Mus\u00e9e botanique de l\u2019Universit\u00e9 de Lund. David Galicia.<\/div><\/div><\/a><a class=\"w-gallery-item order_3\" href=\"https:\/\/www.northafricatrees.org\/wp-content\/uploads\/2021\/08\/Tamarix-tetragyna.-5.-Jesus-Charco-scaled.jpg\" title=\"Tamarix tetragyna. Rameaux avec feuilles et rac\u00e8mes florif\u00e8res. Jes\u00fas Charco\"><div class=\"w-gallery-item-img\"><img width=\"350\" height=\"540\" src=\"https:\/\/www.northafricatrees.org\/wp-content\/uploads\/2021\/08\/Tamarix-tetragyna.-5.-Jesus-Charco-350x540.jpg\" class=\"attachment-us_350_540_crop size-us_350_540_crop\" alt=\"Tamarix tetragyna 1. Jes\u00fas Charco\" loading=\"lazy\" \/><\/div><div class=\"w-gallery-item-meta\"><div class=\"w-gallery-item-title\">Tamarix tetragyna. Rameaux avec feuilles et rac\u00e8mes florif\u00e8res. Jes\u00fas Charco<\/div><\/div><\/a><a class=\"w-gallery-item order_4\" href=\"https:\/\/www.northafricatrees.org\/wp-content\/uploads\/2021\/08\/Tamarix-amplexicaulis.-5.-Ahmed-El-Aboudi.-Teline.jpg\" title=\"Tamarix amplexicaulis. D\u00e9tail de fleurs et fruits (capsules). Ahmed El Aboudi. Teline\"><div class=\"w-gallery-item-img\"><img width=\"350\" height=\"540\" src=\"https:\/\/www.northafricatrees.org\/wp-content\/uploads\/2021\/08\/Tamarix-amplexicaulis.-5.-Ahmed-El-Aboudi.-Teline-350x540.jpg\" class=\"attachment-us_350_540_crop size-us_350_540_crop\" alt=\"Tamarix amplexicaulis. 1. Jes\u00fas Charco\" loading=\"lazy\" \/><\/div><div class=\"w-gallery-item-meta\"><div class=\"w-gallery-item-title\">Tamarix amplexicaulis. D\u00e9tail de fleurs et fruits (capsules). Ahmed El Aboudi. Teline<\/div><\/div><\/a><\/div><\/div>\n<p>&nbsp;<\/p>\n<p>&nbsp;<\/p>\n","protected":false},"excerpt":{"rendered":"<p>La r\u00e9vision de la taxonomie et la description des familles, genres et esp\u00e8ces dans ce projet est dynamique car des \u00e9tudes et des monographies toujours plus exhaustives sont constamment publi\u00e9es. \u00c0 cet \u00e9gard, deux experts de la flore m\u00e9diterran\u00e9enne et saharienne ont rejoint l\u2019\u00e9quipe de ce projet. David Galicia Herbada, de l\u2019Universit\u00e9 Autonome de Madrid,&#8230;<\/p>\n","protected":false},"author":2,"featured_media":29121,"comment_status":"closed","ping_status":"closed","sticky":false,"template":"","format":"standard","meta":[],"categories":[35],"tags":[],"yoast_head":"<!-- This site is optimized with the Yoast SEO plugin v15.6.2 - https:\/\/yoast.com\/wordpress\/plugins\/seo\/ -->\n<title>Deux nouveaux experts se joignent \u00e0 la r\u00e9vision des esp\u00e8ces. - North Africa Trees<\/title>\n<meta name=\"description\" content=\"\u00c1rboles y arbustos aut\u00f3ctonos del Norte de \u00c1frica, Biodiversidad y lucha contra la erosi\u00f3n y la desertificaci\u00f3n\" \/>\n<meta name=\"robots\" content=\"index, follow, max-snippet:-1, max-image-preview:large, max-video-preview:-1\" \/>\n<link rel=\"canonical\" href=\"https:\/\/www.northafricatrees.org\/fr\/deux-nouveaux-experts-se-joignent-a-la-revision-des-especes\/\" \/>\n<meta property=\"og:locale\" content=\"fr_FR\" \/>\n<meta property=\"og:type\" content=\"article\" \/>\n<meta property=\"og:title\" content=\"Deux nouveaux experts se joignent \u00e0 la r\u00e9vision des esp\u00e8ces. - North Africa Trees\" \/>\n<meta property=\"og:description\" content=\"\u00c1rboles y arbustos aut\u00f3ctonos del Norte de \u00c1frica, Biodiversidad y lucha contra la erosi\u00f3n y la desertificaci\u00f3n\" \/>\n<meta property=\"og:url\" content=\"https:\/\/www.northafricatrees.org\/fr\/deux-nouveaux-experts-se-joignent-a-la-revision-des-especes\/\" \/>\n<meta property=\"og:site_name\" content=\"North Africa Trees\" \/>\n<meta property=\"article:published_time\" content=\"2021-08-10T11:41:45+00:00\" \/>\n<meta property=\"article:modified_time\" content=\"2021-12-23T10:06:40+00:00\" \/>\n<meta property=\"og:image\" content=\"https:\/\/www.northafricatrees.org\/wp-content\/uploads\/2020\/11\/Thymelaea-sempervirens.-1.-David-Galicia-e1629822438550.jpg\" \/>\n\t<meta property=\"og:image:width\" content=\"1161\" \/>\n\t<meta property=\"og:image:height\" content=\"1889\" \/>\n<meta name=\"twitter:card\" content=\"summary_large_image\" \/>\n<meta name=\"twitter:label1\" content=\"Dur\u00e9e de lecture est.\">\n\t<meta name=\"twitter:data1\" content=\"1 minute\">\n<script type=\"application\/ld+json\" class=\"yoast-schema-graph\">{\"@context\":\"https:\/\/schema.org\",\"@graph\":[{\"@type\":\"Organization\",\"@id\":\"https:\/\/www.northafricatrees.org\/#organization\",\"name\":\"North \\u00e1frica trees\",\"url\":\"https:\/\/www.northafricatrees.org\/\",\"sameAs\":[],\"logo\":{\"@type\":\"ImageObject\",\"@id\":\"https:\/\/www.northafricatrees.org\/#logo\",\"inLanguage\":\"fr-FR\",\"url\":\"https:\/\/www.northafricatrees.org\/wp-content\/uploads\/2020\/10\/logo-north-africa-trees.png\",\"width\":80,\"height\":70,\"caption\":\"North \\u00e1frica trees\"},\"image\":{\"@id\":\"https:\/\/www.northafricatrees.org\/#logo\"}},{\"@type\":\"WebSite\",\"@id\":\"https:\/\/www.northafricatrees.org\/#website\",\"url\":\"https:\/\/www.northafricatrees.org\/\",\"name\":\"North Africa Trees\",\"description\":\"\\u00c1rboles y arbustos aut\\u00f3ctonos del Norte de \\u00c1frica\",\"publisher\":{\"@id\":\"https:\/\/www.northafricatrees.org\/#organization\"},\"potentialAction\":[{\"@type\":\"SearchAction\",\"target\":\"https:\/\/www.northafricatrees.org\/?s={search_term_string}\",\"query-input\":\"required name=search_term_string\"}],\"inLanguage\":\"fr-FR\"},{\"@type\":\"ImageObject\",\"@id\":\"https:\/\/www.northafricatrees.org\/fr\/deux-nouveaux-experts-se-joignent-a-la-revision-des-especes\/#primaryimage\",\"inLanguage\":\"fr-FR\",\"url\":\"https:\/\/www.northafricatrees.org\/wp-content\/uploads\/2020\/11\/Thymelaea-sempervirens.-1.-David-Galicia-e1629822438550.jpg\",\"width\":1161,\"height\":1889,\"caption\":\"Thymelaea sempervirens. Tige avec feuilles et fleurs. Herbier du Mus\\u00e9e botanique de l\\u2019Universit\\u00e9 de Lund. David Galicia.\"},{\"@type\":\"WebPage\",\"@id\":\"https:\/\/www.northafricatrees.org\/fr\/deux-nouveaux-experts-se-joignent-a-la-revision-des-especes\/#webpage\",\"url\":\"https:\/\/www.northafricatrees.org\/fr\/deux-nouveaux-experts-se-joignent-a-la-revision-des-especes\/\",\"name\":\"Deux nouveaux experts se joignent \\u00e0 la r\\u00e9vision des esp\\u00e8ces. - North Africa Trees\",\"isPartOf\":{\"@id\":\"https:\/\/www.northafricatrees.org\/#website\"},\"primaryImageOfPage\":{\"@id\":\"https:\/\/www.northafricatrees.org\/fr\/deux-nouveaux-experts-se-joignent-a-la-revision-des-especes\/#primaryimage\"},\"datePublished\":\"2021-08-10T11:41:45+00:00\",\"dateModified\":\"2021-12-23T10:06:40+00:00\",\"description\":\"\\u00c1rboles y arbustos aut\\u00f3ctonos del Norte de \\u00c1frica, Biodiversidad y lucha contra la erosi\\u00f3n y la desertificaci\\u00f3n\",\"inLanguage\":\"fr-FR\",\"potentialAction\":[{\"@type\":\"ReadAction\",\"target\":[\"https:\/\/www.northafricatrees.org\/fr\/deux-nouveaux-experts-se-joignent-a-la-revision-des-especes\/\"]}]},{\"@type\":\"Article\",\"@id\":\"https:\/\/www.northafricatrees.org\/fr\/deux-nouveaux-experts-se-joignent-a-la-revision-des-especes\/#article\",\"isPartOf\":{\"@id\":\"https:\/\/www.northafricatrees.org\/fr\/deux-nouveaux-experts-se-joignent-a-la-revision-des-especes\/#webpage\"},\"author\":{\"@id\":\"https:\/\/www.northafricatrees.org\/#\/schema\/person\/a2e9b6fc1d19b34e31988a6d41ffd7b7\"},\"headline\":\"Deux nouveaux experts se joignent \\u00e0 la r\\u00e9vision des esp\\u00e8ces.\",\"datePublished\":\"2021-08-10T11:41:45+00:00\",\"dateModified\":\"2021-12-23T10:06:40+00:00\",\"mainEntityOfPage\":{\"@id\":\"https:\/\/www.northafricatrees.org\/fr\/deux-nouveaux-experts-se-joignent-a-la-revision-des-especes\/#webpage\"},\"publisher\":{\"@id\":\"https:\/\/www.northafricatrees.org\/#organization\"},\"image\":{\"@id\":\"https:\/\/www.northafricatrees.org\/fr\/deux-nouveaux-experts-se-joignent-a-la-revision-des-especes\/#primaryimage\"},\"articleSection\":\"Sin categor\\u00eda\",\"inLanguage\":\"fr-FR\"},{\"@type\":\"Person\",\"@id\":\"https:\/\/www.northafricatrees.org\/#\/schema\/person\/a2e9b6fc1d19b34e31988a6d41ffd7b7\",\"name\":\"Jes\\u00fas Charco\",\"image\":{\"@type\":\"ImageObject\",\"@id\":\"https:\/\/www.northafricatrees.org\/#personlogo\",\"inLanguage\":\"fr-FR\",\"url\":\"https:\/\/secure.gravatar.com\/avatar\/44e89eb12231ca19aade82e071d64beb?s=96&d=mm&r=g\",\"caption\":\"Jes\\u00fas Charco\"}}]}<\/script>\n<!-- \/ Yoast SEO plugin. -->","_links":{"self":[{"href":"https:\/\/www.northafricatrees.org\/fr\/wp-json\/wp\/v2\/posts\/37573"}],"collection":[{"href":"https:\/\/www.northafricatrees.org\/fr\/wp-json\/wp\/v2\/posts"}],"about":[{"href":"https:\/\/www.northafricatrees.org\/fr\/wp-json\/wp\/v2\/types\/post"}],"author":[{"embeddable":true,"href":"https:\/\/www.northafricatrees.org\/fr\/wp-json\/wp\/v2\/users\/2"}],"replies":[{"embeddable":true,"href":"https:\/\/www.northafricatrees.org\/fr\/wp-json\/wp\/v2\/comments?post=37573"}],"version-history":[{"count":0,"href":"https:\/\/www.northafricatrees.org\/fr\/wp-json\/wp\/v2\/posts\/37573\/revisions"}],"wp:featuredmedia":[{"embeddable":true,"href":"https:\/\/www.northafricatrees.org\/fr\/wp-json\/wp\/v2\/media\/29121"}],"wp:attachment":[{"href":"https:\/\/www.northafricatrees.org\/fr\/wp-json\/wp\/v2\/media?parent=37573"}],"wp:term":[{"taxonomy":"category","embeddable":true,"href":"https:\/\/www.northafricatrees.org\/fr\/wp-json\/wp\/v2\/categories?post=37573"},{"taxonomy":"post_tag","embeddable":true,"href":"https:\/\/www.northafricatrees.org\/fr\/wp-json\/wp\/v2\/tags?post=37573"}],"curies":[{"name":"wp","href":"https:\/\/api.w.org\/{rel}","templated":true}]}}