{"id":36708,"date":"2021-08-08T12:09:14","date_gmt":"2021-08-08T12:09:14","guid":{"rendered":"https:\/\/www.northafricatrees.org\/prueba\/"},"modified":"2021-08-17T11:17:29","modified_gmt":"2021-08-17T11:17:29","slug":"prueba","status":"publish","type":"post","link":"https:\/\/www.northafricatrees.org\/fr\/prueba\/","title":{"rendered":"Gr\u00e2ce \u00e0 la revue botanique Al Yasmina, tout le contenu de la \u00ab\u00a0Flore de l\u2019Afrique du Nord\u00a0\u00bb de Ren\u00e9 Maire est d\u00e9sormais ais\u00e9ment consultable."},"content":{"rendered":"<p>Les \u00e9tudes botaniques sur l\u2019Afrique du Nord au milieu du XXe si\u00e8cle commen\u00e7aient \u00e0 \u00eatre abondantes et de plus en plus de qualit\u00e9 mais dispers\u00e9es. C\u2019est pourquoi Ren\u00e9 Maire, professeur \u00e0 l\u2019Universit\u00e9 d\u2019Alger, a relev\u00e9 le grand d\u00e9fi de cr\u00e9er la monumentale Flore de l\u2019Afrique du Nord. L\u2019apparition de son premier volume, en 1952, fut une r\u00e9volution dans le monde de la botanique, mais il ne put le voir, il mourut en 1949, avant d\u2019achever sa grande \u0153uvre. Il a laiss\u00e9 \u00e9crit 10.566 pages qui allaient \u00eatre ordonn\u00e9es et publi\u00e9es dans les d\u00e9cennies suivantes, jusqu\u2019en 1987, quand le XVIe et dernier volume est apparu.<\/p>\r\n<p>Au cours de cette p\u00e9riode de temps plusieurs auteurs ont publi\u00e9 de nombreuses addictions et actuellement les \u00e9tudes de g\u00e9n\u00e9tique sont en train de r\u00e9volutionner la taxonomie. Mais ce fut et reste sans aucun doute la grande base, la r\u00e9f\u00e9rence obligatoire, pour tous ceux qui \u00e9tudient la flore d\u2019Afrique du Nord. Le probl\u00e8me actuel est que ces 16 volumes n\u2019\u00e9taient pas faciles d\u2019acc\u00e8s pour les chercheurs, mais maintenant Al-Yasmina les met \u00e0 la disposition de tous via Internet. C\u2019est une bonne nouvelle.<\/p>\r\n<div id=\"attachment_37188\" style=\"width: 243px\" class=\"wp-caption alignnone\"><img aria-describedby=\"caption-attachment-37188\" loading=\"lazy\" class=\"size-medium wp-image-37190\" src=\"https:\/\/www.northafricatrees.org\/wp-content\/uploads\/2021\/07\/FAN-233x300.jpg\" alt=\"\" width=\"233\" height=\"300\" srcset=\"https:\/\/www.northafricatrees.org\/wp-content\/uploads\/2021\/07\/FAN-233x300.jpg 233w, https:\/\/www.northafricatrees.org\/wp-content\/uploads\/2021\/07\/FAN.jpg 635w\" sizes=\"(max-width: 233px) 100vw, 233px\" \/><p id=\"caption-attachment-37188\" class=\"wp-caption-text\">Couverture du premier volume de l\u2019ouvrage, paru en 1952. Le dernier a \u00e9t\u00e9 publi\u00e9 en 1987.<\/p><\/div>\r\n<p><a href=\"https:\/\/alyasmina.org\/archives\/maire-fan.html\">Acc\u00e9der \u00e0 la revue et \u00e0 la Flore<\/a><\/p>\r\n<p>&nbsp;<\/p>\r\n","protected":false},"excerpt":{"rendered":"<p>Les \u00e9tudes botaniques sur l\u2019Afrique du Nord au milieu du XXe si\u00e8cle commen\u00e7aient \u00e0 \u00eatre abondantes et de plus en plus de qualit\u00e9 mais dispers\u00e9es. C\u2019est pourquoi Ren\u00e9 Maire, professeur \u00e0 l\u2019Universit\u00e9 d\u2019Alger, a relev\u00e9 le grand d\u00e9fi de cr\u00e9er la monumentale Flore de l\u2019Afrique du Nord. L\u2019apparition de son premier volume, en 1952, fut&#8230;<\/p>\n","protected":false},"author":2,"featured_media":37190,"comment_status":"closed","ping_status":"closed","sticky":false,"template":"","format":"standard","meta":[],"categories":[35],"tags":[],"yoast_head":"<!-- This site is optimized with the Yoast SEO plugin v15.6.2 - https:\/\/yoast.com\/wordpress\/plugins\/seo\/ -->\n<title>Gr\u00e2ce \u00e0 la revue botanique Al Yasmina, tout le contenu de la &quot;Flore de l\u2019Afrique du Nord&quot; de Ren\u00e9 Maire est d\u00e9sormais ais\u00e9ment consultable. - North Africa Trees<\/title>\n<meta name=\"description\" content=\"\u00c1rboles y arbustos aut\u00f3ctonos del Norte de \u00c1frica, Biodiversidad y lucha contra la erosi\u00f3n y la desertificaci\u00f3n\" \/>\n<meta name=\"robots\" content=\"index, follow, max-snippet:-1, max-image-preview:large, max-video-preview:-1\" \/>\n<link rel=\"canonical\" href=\"https:\/\/www.northafricatrees.org\/fr\/prueba\/\" \/>\n<meta property=\"og:locale\" content=\"fr_FR\" \/>\n<meta property=\"og:type\" content=\"article\" \/>\n<meta property=\"og:title\" content=\"Gr\u00e2ce \u00e0 la revue botanique Al Yasmina, tout le contenu de la &quot;Flore de l\u2019Afrique du Nord&quot; de Ren\u00e9 Maire est d\u00e9sormais ais\u00e9ment consultable. - North Africa Trees\" \/>\n<meta property=\"og:description\" content=\"\u00c1rboles y arbustos aut\u00f3ctonos del Norte de \u00c1frica, Biodiversidad y lucha contra la erosi\u00f3n y la desertificaci\u00f3n\" \/>\n<meta property=\"og:url\" content=\"https:\/\/www.northafricatrees.org\/fr\/prueba\/\" \/>\n<meta property=\"og:site_name\" content=\"North Africa Trees\" \/>\n<meta property=\"article:published_time\" content=\"2021-08-08T12:09:14+00:00\" \/>\n<meta property=\"article:modified_time\" content=\"2021-08-17T11:17:29+00:00\" \/>\n<meta property=\"og:image\" content=\"https:\/\/www.northafricatrees.org\/wp-content\/uploads\/2021\/07\/FAN.jpg\" \/>\n\t<meta property=\"og:image:width\" content=\"635\" \/>\n\t<meta property=\"og:image:height\" content=\"818\" \/>\n<meta name=\"twitter:card\" content=\"summary_large_image\" \/>\n<meta name=\"twitter:label1\" content=\"Dur\u00e9e de lecture est.\">\n\t<meta name=\"twitter:data1\" content=\"1 minute\">\n<script type=\"application\/ld+json\" class=\"yoast-schema-graph\">{\"@context\":\"https:\/\/schema.org\",\"@graph\":[{\"@type\":\"Organization\",\"@id\":\"https:\/\/www.northafricatrees.org\/#organization\",\"name\":\"North \\u00e1frica trees\",\"url\":\"https:\/\/www.northafricatrees.org\/\",\"sameAs\":[],\"logo\":{\"@type\":\"ImageObject\",\"@id\":\"https:\/\/www.northafricatrees.org\/#logo\",\"inLanguage\":\"fr-FR\",\"url\":\"https:\/\/www.northafricatrees.org\/wp-content\/uploads\/2020\/10\/logo-north-africa-trees.png\",\"width\":80,\"height\":70,\"caption\":\"North \\u00e1frica trees\"},\"image\":{\"@id\":\"https:\/\/www.northafricatrees.org\/#logo\"}},{\"@type\":\"WebSite\",\"@id\":\"https:\/\/www.northafricatrees.org\/#website\",\"url\":\"https:\/\/www.northafricatrees.org\/\",\"name\":\"North Africa Trees\",\"description\":\"\\u00c1rboles y arbustos aut\\u00f3ctonos del Norte de \\u00c1frica\",\"publisher\":{\"@id\":\"https:\/\/www.northafricatrees.org\/#organization\"},\"potentialAction\":[{\"@type\":\"SearchAction\",\"target\":\"https:\/\/www.northafricatrees.org\/?s={search_term_string}\",\"query-input\":\"required name=search_term_string\"}],\"inLanguage\":\"fr-FR\"},{\"@type\":\"ImageObject\",\"@id\":\"https:\/\/www.northafricatrees.org\/fr\/prueba\/#primaryimage\",\"inLanguage\":\"fr-FR\",\"url\":\"https:\/\/www.northafricatrees.org\/wp-content\/uploads\/2021\/07\/FAN.jpg\",\"width\":635,\"height\":818,\"caption\":\"Portada del I volumen de la obra, aparecido en 1952.\"},{\"@type\":\"WebPage\",\"@id\":\"https:\/\/www.northafricatrees.org\/fr\/prueba\/#webpage\",\"url\":\"https:\/\/www.northafricatrees.org\/fr\/prueba\/\",\"name\":\"Gr\\u00e2ce \\u00e0 la revue botanique Al Yasmina, tout le contenu de la \\\"Flore de l\\u2019Afrique du Nord\\\" de Ren\\u00e9 Maire est d\\u00e9sormais ais\\u00e9ment consultable. - North Africa Trees\",\"isPartOf\":{\"@id\":\"https:\/\/www.northafricatrees.org\/#website\"},\"primaryImageOfPage\":{\"@id\":\"https:\/\/www.northafricatrees.org\/fr\/prueba\/#primaryimage\"},\"datePublished\":\"2021-08-08T12:09:14+00:00\",\"dateModified\":\"2021-08-17T11:17:29+00:00\",\"description\":\"\\u00c1rboles y arbustos aut\\u00f3ctonos del Norte de \\u00c1frica, Biodiversidad y lucha contra la erosi\\u00f3n y la desertificaci\\u00f3n\",\"inLanguage\":\"fr-FR\",\"potentialAction\":[{\"@type\":\"ReadAction\",\"target\":[\"https:\/\/www.northafricatrees.org\/fr\/prueba\/\"]}]},{\"@type\":\"Article\",\"@id\":\"https:\/\/www.northafricatrees.org\/fr\/prueba\/#article\",\"isPartOf\":{\"@id\":\"https:\/\/www.northafricatrees.org\/fr\/prueba\/#webpage\"},\"author\":{\"@id\":\"https:\/\/www.northafricatrees.org\/#\/schema\/person\/a2e9b6fc1d19b34e31988a6d41ffd7b7\"},\"headline\":\"Gr\\u00e2ce \\u00e0 la revue botanique Al Yasmina, tout le contenu de la \\u00ab\\u00a0Flore de l\\u2019Afrique du Nord\\u00a0\\u00bb de Ren\\u00e9 Maire est d\\u00e9sormais ais\\u00e9ment consultable.\",\"datePublished\":\"2021-08-08T12:09:14+00:00\",\"dateModified\":\"2021-08-17T11:17:29+00:00\",\"mainEntityOfPage\":{\"@id\":\"https:\/\/www.northafricatrees.org\/fr\/prueba\/#webpage\"},\"publisher\":{\"@id\":\"https:\/\/www.northafricatrees.org\/#organization\"},\"image\":{\"@id\":\"https:\/\/www.northafricatrees.org\/fr\/prueba\/#primaryimage\"},\"articleSection\":\"Sin categor\\u00eda\",\"inLanguage\":\"fr-FR\"},{\"@type\":\"Person\",\"@id\":\"https:\/\/www.northafricatrees.org\/#\/schema\/person\/a2e9b6fc1d19b34e31988a6d41ffd7b7\",\"name\":\"Jes\\u00fas Charco\",\"image\":{\"@type\":\"ImageObject\",\"@id\":\"https:\/\/www.northafricatrees.org\/#personlogo\",\"inLanguage\":\"fr-FR\",\"url\":\"https:\/\/secure.gravatar.com\/avatar\/44e89eb12231ca19aade82e071d64beb?s=96&d=mm&r=g\",\"caption\":\"Jes\\u00fas Charco\"}}]}<\/script>\n<!-- \/ Yoast SEO plugin. -->","_links":{"self":[{"href":"https:\/\/www.northafricatrees.org\/fr\/wp-json\/wp\/v2\/posts\/36708"}],"collection":[{"href":"https:\/\/www.northafricatrees.org\/fr\/wp-json\/wp\/v2\/posts"}],"about":[{"href":"https:\/\/www.northafricatrees.org\/fr\/wp-json\/wp\/v2\/types\/post"}],"author":[{"embeddable":true,"href":"https:\/\/www.northafricatrees.org\/fr\/wp-json\/wp\/v2\/users\/2"}],"replies":[{"embeddable":true,"href":"https:\/\/www.northafricatrees.org\/fr\/wp-json\/wp\/v2\/comments?post=36708"}],"version-history":[{"count":0,"href":"https:\/\/www.northafricatrees.org\/fr\/wp-json\/wp\/v2\/posts\/36708\/revisions"}],"wp:featuredmedia":[{"embeddable":true,"href":"https:\/\/www.northafricatrees.org\/fr\/wp-json\/wp\/v2\/media\/37190"}],"wp:attachment":[{"href":"https:\/\/www.northafricatrees.org\/fr\/wp-json\/wp\/v2\/media?parent=36708"}],"wp:term":[{"taxonomy":"category","embeddable":true,"href":"https:\/\/www.northafricatrees.org\/fr\/wp-json\/wp\/v2\/categories?post=36708"},{"taxonomy":"post_tag","embeddable":true,"href":"https:\/\/www.northafricatrees.org\/fr\/wp-json\/wp\/v2\/tags?post=36708"}],"curies":[{"name":"wp","href":"https:\/\/api.w.org\/{rel}","templated":true}]}}