{"id":43638,"date":"2022-06-19T09:00:35","date_gmt":"2022-06-19T09:00:35","guid":{"rendered":"https:\/\/www.northafricatrees.org\/adenocarpus-faurei-se-extingue-la-primera-especie-lenosa-del-norte-de-africa\/"},"modified":"2024-09-19T17:13:17","modified_gmt":"2024-09-19T17:13:17","slug":"adenocarpus-faurei-se-extingue-la-primera-especie-lenosa-del-norte-de-africa","status":"publish","type":"post","link":"https:\/\/www.northafricatrees.org\/en\/adenocarpus-faurei-se-extingue-la-primera-especie-lenosa-del-norte-de-africa\/","title":{"rendered":"Adenocarpus faurei, the first woody species in North Africa becomes extinct"},"content":{"rendered":"<p>At the beginning of the 20th century (1919, 1921) Alphonse Faure collected what seemed to be a new species of the genus <em>Adenocarpus<\/em>, with small, glabrescent leaves and umbelliform inflorescences, almost always terminal, near Tiaret (Algeria). In 1921 Ren\u00e9 Maire described it and named it, in honor of his collector, <em>Adenocarpus faurei<\/em>. It was never seen in other parts, so it was considered very localized endemism of the forests and thickets of that area. In the second half of the 20th century, other researchers searched for it here and in other nearby areas, without success.<\/p>\n<p><a ref=\"magnificPopup\" href=\"https:\/\/www.northafricatrees.org\/wp-content\/uploads\/2022\/06\/Adenocarpus-faurei.jpg\"><img loading=\"lazy\" class=\"aligncenter wp-image-43634\" src=\"https:\/\/www.northafricatrees.org\/wp-content\/uploads\/2022\/06\/Adenocarpus-faurei-198x300.jpg\" alt=\"\" width=\"398\" height=\"603\" srcset=\"https:\/\/www.northafricatrees.org\/wp-content\/uploads\/2022\/06\/Adenocarpus-faurei-198x300.jpg 198w, https:\/\/www.northafricatrees.org\/wp-content\/uploads\/2022\/06\/Adenocarpus-faurei.jpg 458w\" sizes=\"(max-width: 398px) 100vw, 398px\" \/><\/a><\/p>\n<p>Due to the rarity of the species, it was protected in 1993 (Decree 93-285 of November 21), protection that was renewed in 2012 (Executive Decree 12-03 of January 4). But it seemed to be too late. Much of the wooded and semi-wooded areas of Tiaret were cleared, cultivated and urbanized in the second half of the 20th century and continue to be so in the 21st.<\/p>\n<p>For five consecutive years (2012-2017), Miara <em>et al<\/em>. (2018) have systematically studied the forest vegetation around Tiaret (Guesul Massif), distributing the study area in grids of 1 km<sup>2<\/sup>. They have not found the species and, following the IUCN criteria, they considered it extinct. They determined that the main causes of extinction have been growing urbanization and cultivating the old forested areas.<\/p>\n<p>Maire, R. (1921). <a href=\"https:\/\/bibdigital.rjb.csic.es\/records\/item\/15466-les-adenocarpus-de-l-afrique-du-nord\">Les Adenocarpus de l\u2019Afrique du Nord<\/a>. Extrait du bulletin de la station de recherches forestieres du Nord de l\u2019Afrique, Alger, T (1), 6eme fascicule.<\/p>\n<p>Maire, R. 1987. <em>Adenocarpus<\/em>. Flore d\u2019Afrique du Nord, vol XVI: 236-237.<\/p>\n<p>Miara, M.D., Hammou, M.A. &amp; Skipper, J. 2018. <a href=\"https:\/\/threatenedtaxa.org\/index.php\/JoTT\/article\/view\/3887\/4416\">The extinction of Faure\u2019s Broom <em>Adenocarpus faurei<\/em> Maire (Leguminosae) in Algeria<\/a><u>.<\/u> <em>Journal of Threatened Taxa<\/em> 10(5): 11595-11598.<\/p>\n<p>&nbsp;<\/p>\n","protected":false},"excerpt":{"rendered":"<p>At the beginning of the 20th century (1919, 1921) Alphonse Faure collected what seemed to be a new species of the genus Adenocarpus, with small, glabrescent leaves and umbelliform inflorescences, almost always terminal, near Tiaret (Algeria). In 1921 Ren\u00e9 Maire described it and named it, in honor of his collector, Adenocarpus faurei. It was never&#8230;<\/p>\n","protected":false},"author":2,"featured_media":0,"comment_status":"closed","ping_status":"closed","sticky":false,"template":"","format":"standard","meta":[],"categories":[39],"tags":[],"yoast_head":"<!-- This site is optimized with the Yoast SEO plugin v15.6.2 - https:\/\/yoast.com\/wordpress\/plugins\/seo\/ -->\n<title>Adenocarpus faurei, the first woody species in North Africa becomes extinct - North Africa Trees<\/title>\n<meta name=\"description\" content=\"\u00c1rboles y arbustos aut\u00f3ctonos del Norte de \u00c1frica, Biodiversidad y lucha contra la erosi\u00f3n y la desertificaci\u00f3n\" \/>\n<meta name=\"robots\" content=\"index, follow, max-snippet:-1, max-image-preview:large, max-video-preview:-1\" \/>\n<link rel=\"canonical\" href=\"https:\/\/www.northafricatrees.org\/en\/adenocarpus-faurei-se-extingue-la-primera-especie-lenosa-del-norte-de-africa\/\" \/>\n<meta property=\"og:locale\" content=\"en_US\" \/>\n<meta property=\"og:type\" content=\"article\" \/>\n<meta property=\"og:title\" content=\"Adenocarpus faurei, the first woody species in North Africa becomes extinct - North Africa Trees\" \/>\n<meta property=\"og:description\" content=\"\u00c1rboles y arbustos aut\u00f3ctonos del Norte de \u00c1frica, Biodiversidad y lucha contra la erosi\u00f3n y la desertificaci\u00f3n\" \/>\n<meta property=\"og:url\" content=\"https:\/\/www.northafricatrees.org\/en\/adenocarpus-faurei-se-extingue-la-primera-especie-lenosa-del-norte-de-africa\/\" \/>\n<meta property=\"og:site_name\" content=\"North Africa Trees\" \/>\n<meta property=\"article:published_time\" content=\"2022-06-19T09:00:35+00:00\" \/>\n<meta property=\"article:modified_time\" content=\"2024-09-19T17:13:17+00:00\" \/>\n<meta property=\"og:image\" content=\"https:\/\/www.northafricatrees.org\/wp-content\/uploads\/2022\/06\/Adenocarpus-faurei-198x300.jpg\" \/>\n<meta name=\"twitter:card\" content=\"summary_large_image\" \/>\n<meta name=\"twitter:label1\" content=\"Est. reading time\">\n\t<meta name=\"twitter:data1\" content=\"2 minutes\">\n<script type=\"application\/ld+json\" class=\"yoast-schema-graph\">{\"@context\":\"https:\/\/schema.org\",\"@graph\":[{\"@type\":\"Organization\",\"@id\":\"https:\/\/www.northafricatrees.org\/#organization\",\"name\":\"North \\u00e1frica trees\",\"url\":\"https:\/\/www.northafricatrees.org\/\",\"sameAs\":[],\"logo\":{\"@type\":\"ImageObject\",\"@id\":\"https:\/\/www.northafricatrees.org\/#logo\",\"inLanguage\":\"en-US\",\"url\":\"https:\/\/www.northafricatrees.org\/wp-content\/uploads\/2020\/10\/logo-north-africa-trees.png\",\"width\":80,\"height\":70,\"caption\":\"North \\u00e1frica trees\"},\"image\":{\"@id\":\"https:\/\/www.northafricatrees.org\/#logo\"}},{\"@type\":\"WebSite\",\"@id\":\"https:\/\/www.northafricatrees.org\/#website\",\"url\":\"https:\/\/www.northafricatrees.org\/\",\"name\":\"North Africa Trees\",\"description\":\"\\u00c1rboles y arbustos aut\\u00f3ctonos del Norte de \\u00c1frica\",\"publisher\":{\"@id\":\"https:\/\/www.northafricatrees.org\/#organization\"},\"potentialAction\":[{\"@type\":\"SearchAction\",\"target\":\"https:\/\/www.northafricatrees.org\/?s={search_term_string}\",\"query-input\":\"required name=search_term_string\"}],\"inLanguage\":\"en-US\"},{\"@type\":\"ImageObject\",\"@id\":\"https:\/\/www.northafricatrees.org\/en\/adenocarpus-faurei-se-extingue-la-primera-especie-lenosa-del-norte-de-africa\/#primaryimage\",\"inLanguage\":\"en-US\",\"url\":\"https:\/\/www.northafricatrees.org\/wp-content\/uploads\/2022\/06\/Adenocarpus-faurei.jpg\",\"width\":458,\"height\":694},{\"@type\":\"WebPage\",\"@id\":\"https:\/\/www.northafricatrees.org\/en\/adenocarpus-faurei-se-extingue-la-primera-especie-lenosa-del-norte-de-africa\/#webpage\",\"url\":\"https:\/\/www.northafricatrees.org\/en\/adenocarpus-faurei-se-extingue-la-primera-especie-lenosa-del-norte-de-africa\/\",\"name\":\"Adenocarpus faurei, the first woody species in North Africa becomes extinct - North Africa Trees\",\"isPartOf\":{\"@id\":\"https:\/\/www.northafricatrees.org\/#website\"},\"primaryImageOfPage\":{\"@id\":\"https:\/\/www.northafricatrees.org\/en\/adenocarpus-faurei-se-extingue-la-primera-especie-lenosa-del-norte-de-africa\/#primaryimage\"},\"datePublished\":\"2022-06-19T09:00:35+00:00\",\"dateModified\":\"2024-09-19T17:13:17+00:00\",\"description\":\"\\u00c1rboles y arbustos aut\\u00f3ctonos del Norte de \\u00c1frica, Biodiversidad y lucha contra la erosi\\u00f3n y la desertificaci\\u00f3n\",\"inLanguage\":\"en-US\",\"potentialAction\":[{\"@type\":\"ReadAction\",\"target\":[\"https:\/\/www.northafricatrees.org\/en\/adenocarpus-faurei-se-extingue-la-primera-especie-lenosa-del-norte-de-africa\/\"]}]},{\"@type\":\"Article\",\"@id\":\"https:\/\/www.northafricatrees.org\/en\/adenocarpus-faurei-se-extingue-la-primera-especie-lenosa-del-norte-de-africa\/#article\",\"isPartOf\":{\"@id\":\"https:\/\/www.northafricatrees.org\/en\/adenocarpus-faurei-se-extingue-la-primera-especie-lenosa-del-norte-de-africa\/#webpage\"},\"author\":{\"@id\":\"https:\/\/www.northafricatrees.org\/#\/schema\/person\/a2e9b6fc1d19b34e31988a6d41ffd7b7\"},\"headline\":\"Adenocarpus faurei, the first woody species in North Africa becomes extinct\",\"datePublished\":\"2022-06-19T09:00:35+00:00\",\"dateModified\":\"2024-09-19T17:13:17+00:00\",\"mainEntityOfPage\":{\"@id\":\"https:\/\/www.northafricatrees.org\/en\/adenocarpus-faurei-se-extingue-la-primera-especie-lenosa-del-norte-de-africa\/#webpage\"},\"publisher\":{\"@id\":\"https:\/\/www.northafricatrees.org\/#organization\"},\"image\":{\"@id\":\"https:\/\/www.northafricatrees.org\/en\/adenocarpus-faurei-se-extingue-la-primera-especie-lenosa-del-norte-de-africa\/#primaryimage\"},\"articleSection\":\"Sin categor\\u00eda\",\"inLanguage\":\"en-US\"},{\"@type\":\"Person\",\"@id\":\"https:\/\/www.northafricatrees.org\/#\/schema\/person\/a2e9b6fc1d19b34e31988a6d41ffd7b7\",\"name\":\"Jes\\u00fas Charco\",\"image\":{\"@type\":\"ImageObject\",\"@id\":\"https:\/\/www.northafricatrees.org\/#personlogo\",\"inLanguage\":\"en-US\",\"url\":\"https:\/\/secure.gravatar.com\/avatar\/44e89eb12231ca19aade82e071d64beb?s=96&d=mm&r=g\",\"caption\":\"Jes\\u00fas Charco\"}}]}<\/script>\n<!-- \/ Yoast SEO plugin. -->","_links":{"self":[{"href":"https:\/\/www.northafricatrees.org\/en\/wp-json\/wp\/v2\/posts\/43638"}],"collection":[{"href":"https:\/\/www.northafricatrees.org\/en\/wp-json\/wp\/v2\/posts"}],"about":[{"href":"https:\/\/www.northafricatrees.org\/en\/wp-json\/wp\/v2\/types\/post"}],"author":[{"embeddable":true,"href":"https:\/\/www.northafricatrees.org\/en\/wp-json\/wp\/v2\/users\/2"}],"replies":[{"embeddable":true,"href":"https:\/\/www.northafricatrees.org\/en\/wp-json\/wp\/v2\/comments?post=43638"}],"version-history":[{"count":0,"href":"https:\/\/www.northafricatrees.org\/en\/wp-json\/wp\/v2\/posts\/43638\/revisions"}],"wp:attachment":[{"href":"https:\/\/www.northafricatrees.org\/en\/wp-json\/wp\/v2\/media?parent=43638"}],"wp:term":[{"taxonomy":"category","embeddable":true,"href":"https:\/\/www.northafricatrees.org\/en\/wp-json\/wp\/v2\/categories?post=43638"},{"taxonomy":"post_tag","embeddable":true,"href":"https:\/\/www.northafricatrees.org\/en\/wp-json\/wp\/v2\/tags?post=43638"}],"curies":[{"name":"wp","href":"https:\/\/api.w.org\/{rel}","templated":true}]}}