{"id":37577,"date":"2021-08-10T11:46:19","date_gmt":"2021-08-10T11:46:19","guid":{"rendered":"https:\/\/www.northafricatrees.org\/?p=37577"},"modified":"2021-12-23T10:05:50","modified_gmt":"2021-12-23T10:05:50","slug":"two-new-experts-join-the-review-of-species","status":"publish","type":"post","link":"https:\/\/www.northafricatrees.org\/en\/two-new-experts-join-the-review-of-species\/","title":{"rendered":"Two new experts join the review of species"},"content":{"rendered":"<p>The review of taxonomy and description of families, genera and species in this project is somewhat dynamic as studies are continually published, increasingly exhaustive. In this sense, two experts in Mediterranean and Saharan flora have joined the project team. David Galicia Herbada, from the Autonomous University of Madrid, has reviewed the genus <em>Thymelaea,<\/em> and Jos\u00e9 Luis Villar, from the University of Alicante, the genus <em>Tamarix<\/em>.<\/p>\n<div class=\"w-gallery cols_4 link_file with_meta with_indents\"><div class=\"w-gallery-list\"><a class=\"w-gallery-item order_1\" href=\"https:\/\/www.northafricatrees.org\/wp-content\/uploads\/2021\/08\/Thymelaea-villosa.-1.-Jesus-Charco.jpg\" title=\"Thymelaea villosa. Twig with leaves and inflorescences with male flowers. Jes\u00fas Charco.\"><div class=\"w-gallery-item-img\"><img width=\"350\" height=\"540\" src=\"https:\/\/www.northafricatrees.org\/wp-content\/uploads\/2021\/08\/Thymelaea-villosa.-1.-Jesus-Charco-350x540.jpg\" class=\"attachment-us_350_540_crop size-us_350_540_crop\" alt=\"\" loading=\"lazy\" \/><\/div><div class=\"w-gallery-item-meta\"><div class=\"w-gallery-item-title\">Thymelaea villosa. Twig with leaves and inflorescences with male flowers. Jes\u00fas Charco.<\/div><\/div><\/a><a class=\"w-gallery-item order_2\" href=\"https:\/\/www.northafricatrees.org\/wp-content\/uploads\/2020\/11\/Thymelaea-sempervirens.-1.-David-Galicia.jpg\" title=\"Thymelaea sempervirens. Stem with leaves and flowers. Herbarium of the Botanical Museum of Lund University. David Galicia.\"><div class=\"w-gallery-item-img\"><img width=\"332\" height=\"540\" src=\"https:\/\/www.northafricatrees.org\/wp-content\/uploads\/2020\/11\/Thymelaea-sempervirens.-1.-David-Galicia.jpg\" class=\"attachment-us_350_540_crop size-us_350_540_crop\" alt=\"\" loading=\"lazy\" srcset=\"https:\/\/www.northafricatrees.org\/wp-content\/uploads\/2020\/11\/Thymelaea-sempervirens.-1.-David-Galicia.jpg 1162w, https:\/\/www.northafricatrees.org\/wp-content\/uploads\/2020\/11\/Thymelaea-sempervirens.-1.-David-Galicia-185x300.jpg 185w, https:\/\/www.northafricatrees.org\/wp-content\/uploads\/2020\/11\/Thymelaea-sempervirens.-1.-David-Galicia-630x1024.jpg 630w\" sizes=\"(max-width: 332px) 100vw, 332px\" \/><\/div><div class=\"w-gallery-item-meta\"><div class=\"w-gallery-item-title\">Thymelaea sempervirens. Stem with leaves and flowers. Herbarium of the Botanical Museum of Lund University. David Galicia.<\/div><\/div><\/a><a class=\"w-gallery-item order_3\" href=\"https:\/\/www.northafricatrees.org\/wp-content\/uploads\/2021\/08\/Tamarix-tetragyna.-5.-Jesus-Charco-scaled.jpg\" title=\"Tamarix tetragyna. Twigs with leaves and flower racemes. Jes\u00fas Charco\"><div class=\"w-gallery-item-img\"><img width=\"350\" height=\"540\" src=\"https:\/\/www.northafricatrees.org\/wp-content\/uploads\/2021\/08\/Tamarix-tetragyna.-5.-Jesus-Charco-350x540.jpg\" class=\"attachment-us_350_540_crop size-us_350_540_crop\" alt=\"Tamarix tetragyna 1. Jes\u00fas Charco\" loading=\"lazy\" \/><\/div><div class=\"w-gallery-item-meta\"><div class=\"w-gallery-item-title\">Tamarix tetragyna. Twigs with leaves and flower racemes. Jes\u00fas Charco<\/div><\/div><\/a><a class=\"w-gallery-item order_4\" href=\"https:\/\/www.northafricatrees.org\/wp-content\/uploads\/2021\/08\/Tamarix-amplexicaulis.-5.-Ahmed-El-Aboudi.-Teline.jpg\" title=\"Tamarix amplexicaulis. Detail of flowers and fruits (capsules). Ahmed El Aboudi. Teline\"><div class=\"w-gallery-item-img\"><img width=\"350\" height=\"540\" src=\"https:\/\/www.northafricatrees.org\/wp-content\/uploads\/2021\/08\/Tamarix-amplexicaulis.-5.-Ahmed-El-Aboudi.-Teline-350x540.jpg\" class=\"attachment-us_350_540_crop size-us_350_540_crop\" alt=\"Tamarix amplexicaulis. 1. Jes\u00fas Charco\" loading=\"lazy\" \/><\/div><div class=\"w-gallery-item-meta\"><div class=\"w-gallery-item-title\">Tamarix amplexicaulis. Detail of flowers and fruits (capsules). Ahmed El Aboudi. Teline<\/div><\/div><\/a><\/div><\/div>\n","protected":false},"excerpt":{"rendered":"<p>The review of taxonomy and description of families, genera and species in this project is somewhat dynamic as studies are continually published, increasingly exhaustive. In this sense, two experts in Mediterranean and Saharan flora have joined the project team. David Galicia Herbada, from the Autonomous University of Madrid, has reviewed the genus Thymelaea, and Jos\u00e9&#8230;<\/p>\n","protected":false},"author":2,"featured_media":29120,"comment_status":"closed","ping_status":"closed","sticky":false,"template":"","format":"standard","meta":[],"categories":[39],"tags":[],"yoast_head":"<!-- This site is optimized with the Yoast SEO plugin v15.6.2 - https:\/\/yoast.com\/wordpress\/plugins\/seo\/ -->\n<title>Two new experts join the review of species - North Africa Trees<\/title>\n<meta name=\"description\" content=\"\u00c1rboles y arbustos aut\u00f3ctonos del Norte de \u00c1frica, Biodiversidad y lucha contra la erosi\u00f3n y la desertificaci\u00f3n\" \/>\n<meta name=\"robots\" content=\"index, follow, max-snippet:-1, max-image-preview:large, max-video-preview:-1\" \/>\n<link rel=\"canonical\" href=\"https:\/\/www.northafricatrees.org\/en\/two-new-experts-join-the-review-of-species\/\" \/>\n<meta property=\"og:locale\" content=\"en_US\" \/>\n<meta property=\"og:type\" content=\"article\" \/>\n<meta property=\"og:title\" content=\"Two new experts join the review of species - North Africa Trees\" \/>\n<meta property=\"og:description\" content=\"\u00c1rboles y arbustos aut\u00f3ctonos del Norte de \u00c1frica, Biodiversidad y lucha contra la erosi\u00f3n y la desertificaci\u00f3n\" \/>\n<meta property=\"og:url\" content=\"https:\/\/www.northafricatrees.org\/en\/two-new-experts-join-the-review-of-species\/\" \/>\n<meta property=\"og:site_name\" content=\"North Africa Trees\" \/>\n<meta property=\"article:published_time\" content=\"2021-08-10T11:46:19+00:00\" \/>\n<meta property=\"article:modified_time\" content=\"2021-12-23T10:05:50+00:00\" \/>\n<meta property=\"og:image\" content=\"https:\/\/www.northafricatrees.org\/wp-content\/uploads\/2020\/11\/Thymelaea-sempervirens.-1.-David-Galicia.jpg\" \/>\n\t<meta property=\"og:image:width\" content=\"1162\" \/>\n\t<meta property=\"og:image:height\" content=\"1889\" \/>\n<meta name=\"twitter:card\" content=\"summary_large_image\" \/>\n<meta name=\"twitter:label1\" content=\"Est. reading time\">\n\t<meta name=\"twitter:data1\" content=\"1 minute\">\n<script type=\"application\/ld+json\" class=\"yoast-schema-graph\">{\"@context\":\"https:\/\/schema.org\",\"@graph\":[{\"@type\":\"Organization\",\"@id\":\"https:\/\/www.northafricatrees.org\/#organization\",\"name\":\"North \\u00e1frica trees\",\"url\":\"https:\/\/www.northafricatrees.org\/\",\"sameAs\":[],\"logo\":{\"@type\":\"ImageObject\",\"@id\":\"https:\/\/www.northafricatrees.org\/#logo\",\"inLanguage\":\"en-US\",\"url\":\"https:\/\/www.northafricatrees.org\/wp-content\/uploads\/2020\/10\/logo-north-africa-trees.png\",\"width\":80,\"height\":70,\"caption\":\"North \\u00e1frica trees\"},\"image\":{\"@id\":\"https:\/\/www.northafricatrees.org\/#logo\"}},{\"@type\":\"WebSite\",\"@id\":\"https:\/\/www.northafricatrees.org\/#website\",\"url\":\"https:\/\/www.northafricatrees.org\/\",\"name\":\"North Africa Trees\",\"description\":\"\\u00c1rboles y arbustos aut\\u00f3ctonos del Norte de \\u00c1frica\",\"publisher\":{\"@id\":\"https:\/\/www.northafricatrees.org\/#organization\"},\"potentialAction\":[{\"@type\":\"SearchAction\",\"target\":\"https:\/\/www.northafricatrees.org\/?s={search_term_string}\",\"query-input\":\"required name=search_term_string\"}],\"inLanguage\":\"en-US\"},{\"@type\":\"ImageObject\",\"@id\":\"https:\/\/www.northafricatrees.org\/en\/two-new-experts-join-the-review-of-species\/#primaryimage\",\"inLanguage\":\"en-US\",\"url\":\"https:\/\/www.northafricatrees.org\/wp-content\/uploads\/2020\/11\/Thymelaea-sempervirens.-1.-David-Galicia.jpg\",\"width\":1162,\"height\":1889,\"caption\":\"Thymelaea sempervirens. Stem with leaves and flowers. Herbarium of the Botanical Museum of Lund University. David Galicia.\"},{\"@type\":\"WebPage\",\"@id\":\"https:\/\/www.northafricatrees.org\/en\/two-new-experts-join-the-review-of-species\/#webpage\",\"url\":\"https:\/\/www.northafricatrees.org\/en\/two-new-experts-join-the-review-of-species\/\",\"name\":\"Two new experts join the review of species - North Africa Trees\",\"isPartOf\":{\"@id\":\"https:\/\/www.northafricatrees.org\/#website\"},\"primaryImageOfPage\":{\"@id\":\"https:\/\/www.northafricatrees.org\/en\/two-new-experts-join-the-review-of-species\/#primaryimage\"},\"datePublished\":\"2021-08-10T11:46:19+00:00\",\"dateModified\":\"2021-12-23T10:05:50+00:00\",\"description\":\"\\u00c1rboles y arbustos aut\\u00f3ctonos del Norte de \\u00c1frica, Biodiversidad y lucha contra la erosi\\u00f3n y la desertificaci\\u00f3n\",\"inLanguage\":\"en-US\",\"potentialAction\":[{\"@type\":\"ReadAction\",\"target\":[\"https:\/\/www.northafricatrees.org\/en\/two-new-experts-join-the-review-of-species\/\"]}]},{\"@type\":\"Article\",\"@id\":\"https:\/\/www.northafricatrees.org\/en\/two-new-experts-join-the-review-of-species\/#article\",\"isPartOf\":{\"@id\":\"https:\/\/www.northafricatrees.org\/en\/two-new-experts-join-the-review-of-species\/#webpage\"},\"author\":{\"@id\":\"https:\/\/www.northafricatrees.org\/#\/schema\/person\/a2e9b6fc1d19b34e31988a6d41ffd7b7\"},\"headline\":\"Two new experts join the review of species\",\"datePublished\":\"2021-08-10T11:46:19+00:00\",\"dateModified\":\"2021-12-23T10:05:50+00:00\",\"mainEntityOfPage\":{\"@id\":\"https:\/\/www.northafricatrees.org\/en\/two-new-experts-join-the-review-of-species\/#webpage\"},\"publisher\":{\"@id\":\"https:\/\/www.northafricatrees.org\/#organization\"},\"image\":{\"@id\":\"https:\/\/www.northafricatrees.org\/en\/two-new-experts-join-the-review-of-species\/#primaryimage\"},\"articleSection\":\"Sin categor\\u00eda\",\"inLanguage\":\"en-US\"},{\"@type\":\"Person\",\"@id\":\"https:\/\/www.northafricatrees.org\/#\/schema\/person\/a2e9b6fc1d19b34e31988a6d41ffd7b7\",\"name\":\"Jes\\u00fas Charco\",\"image\":{\"@type\":\"ImageObject\",\"@id\":\"https:\/\/www.northafricatrees.org\/#personlogo\",\"inLanguage\":\"en-US\",\"url\":\"https:\/\/secure.gravatar.com\/avatar\/44e89eb12231ca19aade82e071d64beb?s=96&d=mm&r=g\",\"caption\":\"Jes\\u00fas Charco\"}}]}<\/script>\n<!-- \/ Yoast SEO plugin. -->","_links":{"self":[{"href":"https:\/\/www.northafricatrees.org\/en\/wp-json\/wp\/v2\/posts\/37577"}],"collection":[{"href":"https:\/\/www.northafricatrees.org\/en\/wp-json\/wp\/v2\/posts"}],"about":[{"href":"https:\/\/www.northafricatrees.org\/en\/wp-json\/wp\/v2\/types\/post"}],"author":[{"embeddable":true,"href":"https:\/\/www.northafricatrees.org\/en\/wp-json\/wp\/v2\/users\/2"}],"replies":[{"embeddable":true,"href":"https:\/\/www.northafricatrees.org\/en\/wp-json\/wp\/v2\/comments?post=37577"}],"version-history":[{"count":0,"href":"https:\/\/www.northafricatrees.org\/en\/wp-json\/wp\/v2\/posts\/37577\/revisions"}],"wp:featuredmedia":[{"embeddable":true,"href":"https:\/\/www.northafricatrees.org\/en\/wp-json\/wp\/v2\/media\/29120"}],"wp:attachment":[{"href":"https:\/\/www.northafricatrees.org\/en\/wp-json\/wp\/v2\/media?parent=37577"}],"wp:term":[{"taxonomy":"category","embeddable":true,"href":"https:\/\/www.northafricatrees.org\/en\/wp-json\/wp\/v2\/categories?post=37577"},{"taxonomy":"post_tag","embeddable":true,"href":"https:\/\/www.northafricatrees.org\/en\/wp-json\/wp\/v2\/tags?post=37577"}],"curies":[{"name":"wp","href":"https:\/\/api.w.org\/{rel}","templated":true}]}}